{"id":648978,"date":"2026-01-08T08:40:25","date_gmt":"2026-01-08T08:40:25","guid":{"rendered":"https:\/\/www.europesays.com\/fr\/648978\/"},"modified":"2026-01-08T08:40:25","modified_gmt":"2026-01-08T08:40:25","slug":"colere-des-agriculteurs-des-tracteurs-sur-la13-lautoroute-rouverte-apres-une-fermeture","status":"publish","type":"post","link":"https:\/\/www.europesays.com\/fr\/648978\/","title":{"rendered":"Col\u00e8re des agriculteurs\u00a0: des tracteurs sur l\u2019A13, l\u2019autoroute rouverte apr\u00e8s une fermeture"},"content":{"rendered":"<p class=\"lp-f-subtitle-01\">Une centaine de tracteurs ont pu entrer dans Paris ce jeudi matin. La plupart se trouvent aux portes de la capitale, apr\u00e8s avoir bloqu\u00e9 une partie de l\u2019A13.<\/p>\n<p class=\"\">Ils avaient pr\u00e9venu. Malgr\u00e9 un arr\u00eat\u00e9 interdisant le d\u00e9placement de convois de tracteurs par les autorit\u00e9s dans certaines zones sensibles de la capitale, les agriculteurs <a href=\"https:\/\/www.leparisien.fr\/societe\/direct-colere-des-agriculteurs-des-tracteurs-sont-arrives-a-paris-ceux-de-la-coordination-rurale-ont-rejoint-la-tour-eiffel-08-01-2026-426DVDZWHBBM5G2MYH2Z7ORKHU.php\" target=\"_blank\" rel=\"noreferrer noopener\">sont entr\u00e9s sur Paris avant l\u2019aube<\/a> ce jeudi, comme ils l\u2019avaient annonc\u00e9. Le cort\u00e8ge de tracteurs, men\u00e9 par le syndicat Coordination rurale <a href=\"https:\/\/www.leparisien.fr\/environnement\/dermatose-des-bovins-et-si-le-froid-aidait-a-stopper-lepidemie-06-01-2026-2IIRN27XGJAUZCWO53RIPAO634.php\" target=\"_blank\" rel=\"noreferrer noopener\">pour porter plusieurs revendications<\/a>, a bloqu\u00e9 plusieurs endroits de la capitale.<\/p>\n<p class=\"\">Une partie du convoi s\u2019est positionn\u00e9e sur l\u2019autoroute A13, bloquant une portion des voies, tr\u00e8s t\u00f4t ce matin. \u00ab L\u2019autoroute A13 a \u00e9t\u00e9 ferm\u00e9e plusieurs heures sur une portion en direction de Paris. Elle a rouvert aux alentours de 8h30.<\/p>\n<p>Un appel \u00e0 manifester \u00e0 10 heures<\/p>\n<p class=\"\">D\u2019autres tracteurs se sont positionn\u00e9s <a href=\"https:\/\/www.leparisien.fr\/societe\/colere-agricole-une-centaine-de-tracteurs-de-la-coordination-rurale-se-dirigent-vers-paris-des-manifestants-interpelles-07-01-2026-JUUQN6CITJEQ3D64BNV5KGPVFA.php\" target=\"_blank\" rel=\"noreferrer noopener\">sous l\u2019Arc de Triomphe<\/a>, en plein c\u0153ur de Paris. Le minist\u00e8re de l\u2019Int\u00e9rieur a indiqu\u00e9 \u00e0 l\u2019AFP qu\u2019une centaine de tracteurs \u00e9tait actuellement dans la capitale et ses alentours, ce jeudi matin. Selon l\u2019entourage du ministre, il n\u2019y aurait qu\u2019une vingtaine de tracteurs \u00e0 Paris intra-muros, \u00ab le reste des tracteurs est bien aux portes de Paris \u00bb.<\/p>\n<p class=\"\">Un appel \u00e0 manifester devant l\u2019Assembl\u00e9e nationale \u00e0 10 heures a \u00e9t\u00e9 lanc\u00e9 par la Coordination rurale.<\/p>\n<p class=\"\">Le syndicat entend protester notamment contre l\u2019accord de libre-\u00e9change entre l\u2019UE et des pays <a href=\"https:\/\/www.leparisien.fr\/politique\/mercosur-lopposition-accentue-la-pression-sur-emmanuel-macron-07-01-2026-DR2XTEGAWFGA7JJ4FVIMPHH4IQ.php\" target=\"_blank\" rel=\"noreferrer noopener\">du Mercosur<\/a> mais aussi contre la gestion par l\u2019\u00c9tat de l\u2019\u00e9pizootie de dermatose nodulaire bovine (DNC) qui a attis\u00e9 la col\u00e8re agricole d\u00e9but d\u00e9cembre dans le Sud-Ouest, bastion historique de la CR.<\/p>\n","protected":false},"excerpt":{"rendered":"Une centaine de tracteurs ont pu entrer dans Paris ce jeudi matin. La plupart se trouvent aux portes&hellip;\n","protected":false},"author":2,"featured_media":648979,"comment_status":"","ping_status":"","sticky":false,"template":"","format":"standard","meta":{"footnotes":""},"categories":[1888],"tags":[11,1777,674,1011,27,12,626,25,104],"class_list":{"0":"post-648978","1":"post","2":"type-post","3":"status-publish","4":"format-standard","5":"has-post-thumbnail","7":"category-paris","8":"tag-actualites","9":"tag-eu","10":"tag-europe","11":"tag-fr","12":"tag-france","13":"tag-news","14":"tag-paris","15":"tag-republique-francaise","16":"tag-societe"},"share_on_mastodon":{"url":"https:\/\/pubeurope.com\/@fr\/115858586062477963","error":""},"_links":{"self":[{"href":"https:\/\/www.europesays.com\/fr\/wp-json\/wp\/v2\/posts\/648978","targetHints":{"allow":["GET"]}}],"collection":[{"href":"https:\/\/www.europesays.com\/fr\/wp-json\/wp\/v2\/posts"}],"about":[{"href":"https:\/\/www.europesays.com\/fr\/wp-json\/wp\/v2\/types\/post"}],"author":[{"embeddable":true,"href":"https:\/\/www.europesays.com\/fr\/wp-json\/wp\/v2\/users\/2"}],"replies":[{"embeddable":true,"href":"https:\/\/www.europesays.com\/fr\/wp-json\/wp\/v2\/comments?post=648978"}],"version-history":[{"count":0,"href":"https:\/\/www.europesays.com\/fr\/wp-json\/wp\/v2\/posts\/648978\/revisions"}],"wp:featuredmedia":[{"embeddable":true,"href":"https:\/\/www.europesays.com\/fr\/wp-json\/wp\/v2\/media\/648979"}],"wp:attachment":[{"href":"https:\/\/www.europesays.com\/fr\/wp-json\/wp\/v2\/media?parent=648978"}],"wp:term":[{"taxonomy":"category","embeddable":true,"href":"https:\/\/www.europesays.com\/fr\/wp-json\/wp\/v2\/categories?post=648978"},{"taxonomy":"post_tag","embeddable":true,"href":"https:\/\/www.europesays.com\/fr\/wp-json\/wp\/v2\/tags?post=648978"}],"curies":[{"name":"wp","href":"https:\/\/api.w.org\/{rel}","templated":true}]}}