{"id":648984,"date":"2026-01-08T08:43:15","date_gmt":"2026-01-08T08:43:15","guid":{"rendered":"https:\/\/www.europesays.com\/fr\/648984\/"},"modified":"2026-01-08T08:43:15","modified_gmt":"2026-01-08T08:43:15","slug":"le-debut-dune-campagne-populaire-contre-les-usa","status":"publish","type":"post","link":"https:\/\/www.europesays.com\/fr\/648984\/","title":{"rendered":"Le d\u00e9but d&rsquo;une campagne populaire contre les USA\u00a0?"},"content":{"rendered":"<p class=\"has-text-align-center\"><strong>Dans les rues de Paris ces derniers jours, un drapeau des USA a \u00e9t\u00e9 br\u00fbl\u00e9 sous les acclamations Place de la R\u00e9publique et des graffitis contre Trump fleurissent.<\/strong><\/p>\n<p><img loading=\"lazy\" decoding=\"async\" width=\"819\" height=\"1024\" data-attachment-id=\"98497\" data-permalink=\"https:\/\/contre-attaque.net\/2026\/01\/08\/le-debut-dune-campagne-populaire-contre-les-usa\/signal-2026-01-08-084415\/\" data-orig-file=\"https:\/\/contre-attaque.net\/wp-content\/uploads\/2026\/01\/signal-2026-01-08-084415.jpeg\" data-orig-size=\"1080,1350\" data-comments-opened=\"0\" data-image-meta=\"{&quot;aperture&quot;:&quot;0&quot;,&quot;credit&quot;:&quot;&quot;,&quot;camera&quot;:&quot;&quot;,&quot;caption&quot;:&quot;&quot;,&quot;created_timestamp&quot;:&quot;0&quot;,&quot;copyright&quot;:&quot;&quot;,&quot;focal_length&quot;:&quot;0&quot;,&quot;iso&quot;:&quot;0&quot;,&quot;shutter_speed&quot;:&quot;0&quot;,&quot;title&quot;:&quot;&quot;,&quot;orientation&quot;:&quot;0&quot;}\" data-image-title=\"signal-2026-01-08-084415\" data-image-description=\"\" data-image-caption=\"\" data-medium-file=\"https:\/\/contre-attaque.net\/wp-content\/uploads\/2026\/01\/signal-2026-01-08-084415-240x300.jpeg\" data-large-file=\"https:\/\/www.europesays.com\/fr\/wp-content\/uploads\/2026\/01\/signal-2026-01-08-084415-819x1024.jpeg\" src=\"https:\/\/www.europesays.com\/fr\/wp-content\/uploads\/2026\/01\/signal-2026-01-08-084415-819x1024.jpeg\" alt=\"Dans les rues de Paris ces derniers jours, un drapeau des USA a \u00e9t\u00e9 br\u00fbl\u00e9 sous les acclamations Place de la R\u00e9publique et des graffitis contre Trump fleurissent.\" class=\"wp-image-98497\"  \/><\/p>\n<p>Alors que l\u2019hostilit\u00e9 \u00e0 l\u2019imp\u00e9rialisme \u00c9tasunien \u00e9tait tr\u00e8s largement partag\u00e9e en France pendant des d\u00e9cennies, notamment quand le Parti Communiste \u00e9tait un mouvement de masse, le triomphe du n\u00e9olib\u00e9ralisme ces 20 derni\u00e8res ann\u00e9es, et surtout l\u2019arriv\u00e9e au pouvoir de politiciens directement form\u00e9s outre-Atlantique, travaillant parfois m\u00eame pour des entreprises et cabinets de conseils bas\u00e9s aux USA, a constitu\u00e9 un grave recul.<\/p>\n<p>Les USA n\u2019ont jamais cess\u00e9 leurs crimes de guerre ni calm\u00e9 leur soif d\u2019h\u00e9g\u00e9monie. Mais \u00e0 pr\u00e9sent, c\u2019est un r\u00e9gime n\u00e9ofasciste qui s\u2019est install\u00e9 et se renforce chaque jour dans la premi\u00e8re puissance mondiale. \u00c0 l\u2019image des totalitarismes des ann\u00e9es 1930, Trump affiche un expansionnisme d\u00e9complex\u00e9 et multiplie les menaces d\u2019annexions, il a \u00e9labor\u00e9 une nouvelle doctrine imp\u00e9riale d\u00e9taill\u00e9e dans un document paru le 5 d\u00e9cembre dernier, il augmente massivement les budgets militaires de son arm\u00e9e qui est d\u00e9j\u00e0, de loin, la plus puissante et pr\u00e9sente dans le monde,\u00a0il instaure un r\u00e9gime dictatorial et meurtrier contre sa propre population, il organise des coups d\u2019\u00c9tat et proclame que \u00ab\u00a0rien ne pourra l\u2019arr\u00eater\u00a0\u00bb\u2026 Tous les voyants sont au rouge.<\/p>\n<p>Un grand mouvement de boycott culturel et \u00e9conomique des USA et de ses relais, afin d\u2019isoler ce pays de la sc\u00e8ne internationale, peut-il \u00e9merger actuellement en Europe, depuis les mouvements populaires, comme cela a \u00e9t\u00e9 le cas pour Isra\u00ebl\u00a0? Ce serait salutaire.<\/p>\n","protected":false},"excerpt":{"rendered":"Dans les rues de Paris ces derniers jours, un drapeau des USA a \u00e9t\u00e9 br\u00fbl\u00e9 sous les acclamations&hellip;\n","protected":false},"author":2,"featured_media":648985,"comment_status":"","ping_status":"","sticky":false,"template":"","format":"standard","meta":{"footnotes":""},"categories":[1589],"tags":[11,73,1866,41179,12,1864,1865,1863,308],"class_list":{"0":"post-648984","1":"post","2":"type-post","3":"status-publish","4":"format-standard","5":"has-post-thumbnail","7":"category-etats-unis","8":"tag-actualites","9":"tag-etats-unis","10":"tag-etats-unis-damerique","11":"tag-imperialisme","12":"tag-news","13":"tag-united-states","14":"tag-united-states-of-america","15":"tag-us","16":"tag-usa"},"share_on_mastodon":{"url":"https:\/\/pubeurope.com\/@fr\/115858597763575340","error":""},"_links":{"self":[{"href":"https:\/\/www.europesays.com\/fr\/wp-json\/wp\/v2\/posts\/648984","targetHints":{"allow":["GET"]}}],"collection":[{"href":"https:\/\/www.europesays.com\/fr\/wp-json\/wp\/v2\/posts"}],"about":[{"href":"https:\/\/www.europesays.com\/fr\/wp-json\/wp\/v2\/types\/post"}],"author":[{"embeddable":true,"href":"https:\/\/www.europesays.com\/fr\/wp-json\/wp\/v2\/users\/2"}],"replies":[{"embeddable":true,"href":"https:\/\/www.europesays.com\/fr\/wp-json\/wp\/v2\/comments?post=648984"}],"version-history":[{"count":0,"href":"https:\/\/www.europesays.com\/fr\/wp-json\/wp\/v2\/posts\/648984\/revisions"}],"wp:featuredmedia":[{"embeddable":true,"href":"https:\/\/www.europesays.com\/fr\/wp-json\/wp\/v2\/media\/648985"}],"wp:attachment":[{"href":"https:\/\/www.europesays.com\/fr\/wp-json\/wp\/v2\/media?parent=648984"}],"wp:term":[{"taxonomy":"category","embeddable":true,"href":"https:\/\/www.europesays.com\/fr\/wp-json\/wp\/v2\/categories?post=648984"},{"taxonomy":"post_tag","embeddable":true,"href":"https:\/\/www.europesays.com\/fr\/wp-json\/wp\/v2\/tags?post=648984"}],"curies":[{"name":"wp","href":"https:\/\/api.w.org\/{rel}","templated":true}]}}