{"id":648986,"date":"2026-01-08T08:44:16","date_gmt":"2026-01-08T08:44:16","guid":{"rendered":"https:\/\/www.europesays.com\/fr\/648986\/"},"modified":"2026-01-08T08:44:16","modified_gmt":"2026-01-08T08:44:16","slug":"les-prix-de-limmobilier-britannique-ont-chute-de-maniere-inattendue-en-decembre-selon-halifax","status":"publish","type":"post","link":"https:\/\/www.europesays.com\/fr\/648986\/","title":{"rendered":"Les prix de l&rsquo;immobilier britannique ont chut\u00e9 de mani\u00e8re inattendue en d\u00e9cembre, selon Halifax"},"content":{"rendered":"<p>                    Les prix des logements au Royaume-Uni ont enregistr\u00e9 une baisse inattendue de 0,6% en d\u00e9cembre, terminant l&rsquo;ann\u00e9e 2025 avec une hausse de seulement 0,3% par rapport \u00e0 l&rsquo;ann\u00e9e pr\u00e9c\u00e9dente, soit la croissance annuelle la plus faible depuis mars 2024, selon les chiffres publi\u00e9s jeudi par le cr\u00e9diteur hypoth\u00e9caire Halifax.<\/p>\n<p>Un sondage Reuters aupr\u00e8s d&rsquo;\u00e9conomistes tablait sur une augmentation mensuelle des prix de l&rsquo;immobilier de 0,2% et une progression annuelle de 1,1%.<\/p>\n<p>\u00ab\u00a0Si cette fin d&rsquo;ann\u00e9e peut sembler morose pour le march\u00e9 immobilier en 2025, le niveau d&rsquo;activit\u00e9 global est rest\u00e9 r\u00e9silient au cours des douze derniers mois, dans l&rsquo;ensemble conforme \u00e0 la moyenne d&rsquo;avant la pand\u00e9mie\u00a0\u00bb, a d\u00e9clar\u00e9 Amanda Bryden, responsable des pr\u00eats hypoth\u00e9caires chez Halifax.<\/p>\n<p>\u00ab\u00a0Divers facteurs devraient soutenir le march\u00e9 \u00e0 l&rsquo;approche de 2026. Si la baisse mensuelle des prix en d\u00e9cembre s&rsquo;explique sans doute par l&rsquo;incertitude qui a r\u00e9gn\u00e9 en fin d&rsquo;ann\u00e9e, celle-ci devrait commencer \u00e0 se dissiper\u00a0\u00bb, a-t-elle ajout\u00e9.<\/p>\n<p>L&rsquo;indicateur des prix de l&rsquo;immobilier du cr\u00e9diteur concurrent Nationwide, publi\u00e9 la semaine derni\u00e8re, a \u00e9galement enregistr\u00e9 une baisse de 0,4% rien qu&rsquo;en d\u00e9cembre, tandis que son estimation de la croissance annuelle des prix immobiliers s&rsquo;est av\u00e9r\u00e9e la plus faible depuis avril 2024.<\/p>\n","protected":false},"excerpt":{"rendered":"Les prix des logements au Royaume-Uni ont enregistr\u00e9 une baisse inattendue de 0,6% en d\u00e9cembre, terminant l&rsquo;ann\u00e9e 2025&hellip;\n","protected":false},"author":2,"featured_media":648987,"comment_status":"","ping_status":"","sticky":false,"template":"","format":"standard","meta":{"footnotes":""},"categories":[1588],"tags":[11,340,1777,674,12,473,1853,1851,1850,1852],"class_list":{"0":"post-648986","1":"post","2":"type-post","3":"status-publish","4":"format-standard","5":"has-post-thumbnail","7":"category-royaume-uni","8":"tag-actualites","9":"tag-bourse","10":"tag-eu","11":"tag-europe","12":"tag-news","13":"tag-royaume-uni","14":"tag-royaume-uni-de-grande-bretagne-et-dirlande-du-nord","15":"tag-uk","16":"tag-united-kingdom","17":"tag-united-kingdom-of-great-britain-and-northern-ireland"},"share_on_mastodon":{"url":"https:\/\/pubeurope.com\/@fr\/115858601666013920","error":""},"_links":{"self":[{"href":"https:\/\/www.europesays.com\/fr\/wp-json\/wp\/v2\/posts\/648986","targetHints":{"allow":["GET"]}}],"collection":[{"href":"https:\/\/www.europesays.com\/fr\/wp-json\/wp\/v2\/posts"}],"about":[{"href":"https:\/\/www.europesays.com\/fr\/wp-json\/wp\/v2\/types\/post"}],"author":[{"embeddable":true,"href":"https:\/\/www.europesays.com\/fr\/wp-json\/wp\/v2\/users\/2"}],"replies":[{"embeddable":true,"href":"https:\/\/www.europesays.com\/fr\/wp-json\/wp\/v2\/comments?post=648986"}],"version-history":[{"count":0,"href":"https:\/\/www.europesays.com\/fr\/wp-json\/wp\/v2\/posts\/648986\/revisions"}],"wp:featuredmedia":[{"embeddable":true,"href":"https:\/\/www.europesays.com\/fr\/wp-json\/wp\/v2\/media\/648987"}],"wp:attachment":[{"href":"https:\/\/www.europesays.com\/fr\/wp-json\/wp\/v2\/media?parent=648986"}],"wp:term":[{"taxonomy":"category","embeddable":true,"href":"https:\/\/www.europesays.com\/fr\/wp-json\/wp\/v2\/categories?post=648986"},{"taxonomy":"post_tag","embeddable":true,"href":"https:\/\/www.europesays.com\/fr\/wp-json\/wp\/v2\/tags?post=648986"}],"curies":[{"name":"wp","href":"https:\/\/api.w.org\/{rel}","templated":true}]}}