{"id":648988,"date":"2026-01-08T08:45:26","date_gmt":"2026-01-08T08:45:26","guid":{"rendered":"https:\/\/www.europesays.com\/fr\/648988\/"},"modified":"2026-01-08T08:45:26","modified_gmt":"2026-01-08T08:45:26","slug":"43-les-ventes-auto-electriques-en-2025-en-allemagne-07-01","status":"publish","type":"post","link":"https:\/\/www.europesays.com\/fr\/648988\/","title":{"rendered":"+43% = les ventes auto \u00e9lectriques en 2025 en Allemagne \u2013 07\/01"},"content":{"rendered":"<p>Ce mercredi 7 janvier, Antoine Larigaudrie, journaliste BFM Business, Thibault Fran\u00e7ois, co-fondateur et associ\u00e9 de Fastea Capital, Alexis Torchia, analyste financier chez IDMIDCAPS, L\u00e9a Dauphas, chef \u00e9conomiste chez TAC ECONOMICS, Romain Daubry, consultant pour Bourse Direct, Bruno Vanier, pr\u00e9sident de Gemway Assets, ainsi que Jean-Fran\u00e7ois Robin, directeur de la recherche chez Natixis, \u00e9taient les invit\u00e9s de l&rsquo;\u00e9mission BFM Bourse pr\u00e9sent\u00e9e par Guillaume Sommerer. BFM Bourse est \u00e0 voir ou \u00e9couter du lundi au vendredi sur BFM Business.<\/p>\n<p>Ce mercredi 7 janvier, Bruno Vanier, pr\u00e9sident de Gemway Assets, s&rsquo;est pench\u00e9 sur le moment d&rsquo;investir en Am\u00e9rique du Sud et la place des \u00c9mergents en bourse en 2026, dans l&rsquo;\u00e9mission BFM Bourse pr\u00e9sent\u00e9e par Guillaume Sommerer. BFM Bourse est \u00e0 voir ou \u00e9couter du lundi au vendredi sur BFM Business.<\/p>\n<p>Ce mercredi 7 janvier, Tangi Le Calvez, fondateur de GOin ; Enzo Hallot, CEO de crypto-patrimoine.fr ; Raphael Bloch, cofondateur de The big Whale ; Antoine Larigaudrie, journaliste BFM Business ; John Plassard, associ\u00e9, responsable de la strat\u00e9gie d\u2019investissement de Cit\u00e9 Gestion ; David Kruk , head of trading desk chez La Financi\u00e8re de l\u2019Echiquier ; Thibault Francois, co-fondateur et associ\u00e9 de Fastea Capital ; Matthias Baccino, directeur des march\u00e9s europ\u00e9ens chez Trade Republic ; Alexis Torchia, analyste financier chez IDMidCaps ; L\u00e9a Dauphas, chef \u00e9conomiste chez Tac Economics ; Romain Daubry, consultant pour Bourse Direct ; Sabrina Sadgui, journaliste BFM Business ; Jean-Fran\u00e7ois Robin, directeur de la recherche chez Natixis ; Am\u00e9lie Derambure, g\u00e9rante de portefeuille diversifi\u00e9 de Amundi ; Tommy Douziech, analyste financier chez Zonebourse ; Joffrey Ouafqa, directeur des gestions Auris Gestion, \u00e9taient les invit\u00e9s de l&rsquo;\u00e9mission BFM Bourse pr\u00e9sent\u00e9e par Guillaume Sommerer. BFM Bourse est \u00e0 voir ou \u00e9couter du lundi au vendredi sur BFM Business.<\/p>\n<p>Ce mercredi 7 janvier, Antoine Larigaudrie, journaliste BFM Business ; Jean-Fran\u00e7ois Robin, directeur de la recherche chez Natixis ; Am\u00e9lie Derambure, g\u00e9rante de portefeuille diversifi\u00e9 de Amundi ; Romain Daubry, consultant pour Bourse Direct ; Tommy Douziech, analyste financier chez Zonebourse ; Joffrey Ouafqa, directeur des gestions Auris Gestion, \u00e9taient les invit\u00e9s de l&rsquo;\u00e9mission BFM Bourse pr\u00e9sent\u00e9e par Guillaume Sommerer. BFM Bourse est \u00e0 voir ou \u00e9couter du lundi au vendredi sur BFM Business.<\/p>\n<p>Ce mercredi 7 janvier, Joffrey Ouafqa, directeur des gestions Auris Gestion, et Tommy Douziech, analyste chez ZoneBourse, ont d\u00e9brief\u00e9 la s\u00e9ance du jour, dans l&rsquo;\u00e9mission BFM Bourse pr\u00e9sent\u00e9e par Guillaume Sommerer. BFM Bourse est \u00e0 voir ou \u00e9couter du lundi au vendredi sur BFM Business.<\/p>\n<p>Ce mercredi 7 janvier, Am\u00e9lie Derambure, g\u00e9rante de portefeuille diversifi\u00e9 chez Amundi, et Jean-Fran\u00e7ois Robin, directeur de la recherche chez Natixis, \u00e9taient les invit\u00e9s de l&rsquo;\u00e9mission BFM Bourse pr\u00e9sent\u00e9e par Guillaume Sommerer. BFM Bourse est \u00e0 voir ou \u00e9couter du lundi au vendredi sur BFM Business.<\/p>\n<p>Bullshitom\u00e8tre : \u201cLe p\u00e9trole v\u00e9n\u00e9zu\u00e9lien, on n&rsquo;en a pas besoin. C\u2019est hyper cher !\u201d<\/p>\n<p>Ce mercredi 7 janvier, L\u00e9a Dauphas, chef \u00e9conomiste chez TAC ECONOMICS, a abord\u00e9 le rebond des cr\u00e9ations d&#8217;emplois aux \u00c9tats-Unis en d\u00e9cembre 2025, le repli de la demande net du Bund allemand, ainsi que la stabilit\u00e9 de l&rsquo;inflation autour des 2 % dans la zone euro et la question de l&rsquo;int\u00e9gration de la Bulgarie, dans l&rsquo;\u00e9mission BFM Bourse pr\u00e9sent\u00e9e par Guillaume Sommerer. BFM Bourse est \u00e0 voir ou \u00e9couter du lundi au vendredi sur BFM Business.<\/p>\n<p>Ce mercredi 7 janvier, Romain Daubry, consultant pour Bourse Direct, a abord\u00e9 les forces en pr\u00e9sence sur les march\u00e9s en ce d\u00e9but d&rsquo;ann\u00e9e, les seuils \u00e0 suivre qui pourraient provoquer des acc\u00e9l\u00e9rations \u00e0 la hausse ou \u00e0 la baisse, ainsi que l&rsquo;\u00e9volution du titre R\u00e9my Cointreau, dans Le plan de trading dans l&rsquo;\u00e9mission BFM Bourse pr\u00e9sent\u00e9e par Guillaume Sommerer. BFM Bourse est \u00e0 voir ou \u00e9couter du lundi au vendredi sur BFM Business.<\/p>\n","protected":false},"excerpt":{"rendered":"Ce mercredi 7 janvier, Antoine Larigaudrie, journaliste BFM Business, Thibault Fran\u00e7ois, co-fondateur et associ\u00e9 de Fastea Capital, Alexis&hellip;\n","protected":false},"author":2,"featured_media":17731,"comment_status":"","ping_status":"","sticky":false,"template":"","format":"standard","meta":{"footnotes":""},"categories":[1587],"tags":[11,672,1804,1805,1803,1777,674,1801,12,1802],"class_list":{"0":"post-648988","1":"post","2":"type-post","3":"status-publish","4":"format-standard","5":"has-post-thumbnail","7":"category-allemagne","8":"tag-actualites","9":"tag-allemagne","10":"tag-bundesrepublik-deutschland","11":"tag-de","12":"tag-deutschland","13":"tag-eu","14":"tag-europe","15":"tag-germany","16":"tag-news","17":"tag-republique-federale-dallemagne"},"share_on_mastodon":{"url":"https:\/\/pubeurope.com\/@fr\/115858605565768365","error":""},"_links":{"self":[{"href":"https:\/\/www.europesays.com\/fr\/wp-json\/wp\/v2\/posts\/648988","targetHints":{"allow":["GET"]}}],"collection":[{"href":"https:\/\/www.europesays.com\/fr\/wp-json\/wp\/v2\/posts"}],"about":[{"href":"https:\/\/www.europesays.com\/fr\/wp-json\/wp\/v2\/types\/post"}],"author":[{"embeddable":true,"href":"https:\/\/www.europesays.com\/fr\/wp-json\/wp\/v2\/users\/2"}],"replies":[{"embeddable":true,"href":"https:\/\/www.europesays.com\/fr\/wp-json\/wp\/v2\/comments?post=648988"}],"version-history":[{"count":0,"href":"https:\/\/www.europesays.com\/fr\/wp-json\/wp\/v2\/posts\/648988\/revisions"}],"wp:featuredmedia":[{"embeddable":true,"href":"https:\/\/www.europesays.com\/fr\/wp-json\/wp\/v2\/media\/17731"}],"wp:attachment":[{"href":"https:\/\/www.europesays.com\/fr\/wp-json\/wp\/v2\/media?parent=648988"}],"wp:term":[{"taxonomy":"category","embeddable":true,"href":"https:\/\/www.europesays.com\/fr\/wp-json\/wp\/v2\/categories?post=648988"},{"taxonomy":"post_tag","embeddable":true,"href":"https:\/\/www.europesays.com\/fr\/wp-json\/wp\/v2\/tags?post=648988"}],"curies":[{"name":"wp","href":"https:\/\/api.w.org\/{rel}","templated":true}]}}