{"id":64899,"date":"2025-04-30T17:29:09","date_gmt":"2025-04-30T17:29:09","guid":{"rendered":"https:\/\/www.europesays.com\/fr\/64899\/"},"modified":"2025-04-30T17:29:09","modified_gmt":"2025-04-30T17:29:09","slug":"trois-editions-se-tiendront-a-nice-dici-2028","status":"publish","type":"post","link":"https:\/\/www.europesays.com\/fr\/64899\/","title":{"rendered":"trois \u00e9ditions se tiendront \u00e0 Nice d&rsquo;ici 2028"},"content":{"rendered":"<p>Nice s&rsquo;impose de plus en plus comme une place forte du triathlon. La cit\u00e9 azur\u00e9enne accueillera en septembre 2025 une nouvelle \u00e9dition des Mondiaux d&rsquo;Ironman messieurs, avant d&rsquo;organiser les Mondiaux 2026 et 2028 d&rsquo;half Ironman, a annonc\u00e9 mercredi le maire de la ville.<\/p>\n<p>D\u00e9j\u00e0 organis\u00e9s dans la capitale des Alpes-Maritimes en 2023, les Mondiaux masculins de la distance reine (3,8 km de natation, 180,2 kilom\u00e8tres \u00e0 v\u00e9lo et 42,195 km de course \u00e0 pied, un marathon) sont pr\u00e9vus le 14 septembre 2025.<\/p>\n<p>Juste derri\u00e8re Hawa\u00efi<\/p>\n<p>Lors d&rsquo;une conf\u00e9rence de presse mercredi, les organisateurs et le maire de la ville <a href=\"https:\/\/www.ledauphine.com\/p\/christian-estrosi\" target=\"_blank\" rel=\"noopener\">Christian Estrosi<\/a> ont \u00e9galement officialis\u00e9 la tenue de deux nouveaux Championnats du monde dans les ann\u00e9es \u00e0 venir, ceux d&rsquo;Ironman 70.3, en septembre 2026 et 2028.<\/p>\n<p>Ce contenu est bloqu\u00e9 car vous n&rsquo;avez pas accept\u00e9 les cookies et autres traceurs.<\/p>\n<p>En cliquant sur \u00ab J\u2019accepte \u00bb, les cookies et autres traceurs seront d\u00e9pos\u00e9s et vous pourrez visualiser les contenus  (<a href=\"\" class=\"consentModule_policy\" target=\"_blank\" title=\"Consulter la politique de protection des donn\u00e9es du fournisseur\">plus d&rsquo;informations<\/a>).<\/p>\n<p>En cliquant sur \u00ab J\u2019accepte tous les cookies \u00bb, vous autorisez des d\u00e9p\u00f4ts de cookies et autres traceurs pour le stockage de vos donn\u00e9es sur nos sites et applications \u00e0 des fins de personnalisation et de ciblage publicitaire.<\/p>\n<p class=\"consentModule_secondaryText\">Vous gardez la possibilit\u00e9 de retirer votre consentement \u00e0 tout moment en consultant notre <a href=\"https:\/\/www.ledauphine.com\/protection-des-donnees\" target=\"_blank\" title=\"Consulter notre politique de protection des donn\u00e9es\" rel=\"noopener\">politique de protection des donn\u00e9es<\/a>. <br \/>&#13;<br \/>\n            <a href=\"https:\/\/www.ledauphine.com\/sport\/2025\/04\/30\/javascript:Didomi.notice.show()\" class=\"consentModule_cmp\" target=\"_blank\" rel=\"noopener\">G\u00e9rer mes choix<\/a>&#13;\n        <\/p>\n<p>&#13;<br \/>\n                        J&rsquo;accepte&#13;<br \/>\n            J&rsquo;accepte tous les cookies&#13;\n        <\/p>\n<p>\u00c9galement appel\u00e9s half Ironman (1,9 km de natation, 90 km de v\u00e9lo et 21,1 km de course \u00e0 pied, un semi-marathon), ces comp\u00e9titions re\u00e7oivent environ 6 000 athl\u00e8tes \u00e0 chaque \u00e9dition. Nice aura donc accueilli un total de six championnats du Monde \u00e0 l&rsquo;horizon 2028, \u00ab le deuxi\u00e8me plus grand nombre de toutes les villes h\u00f4tes \u00bb derri\u00e8re Kailua-Kona, \u00e0 Hawa\u00efi, berceau de la discipline, pr\u00e9cise un communiqu\u00e9.<\/p>\n<p>La ville accueille depuis 2005 l&rsquo;Ironman France, dont la prochaine \u00e9dition, qualificative pour les championnats du monde, se tiendra en juin. L&rsquo;Allemand Patrick Lange a remport\u00e9 en 7h35&rsquo;53\u201d les derniers Mondiaux masculins de la distance reine, organis\u00e9s \u00e0 Hawa\u00ef en octobre 2024.<\/p>\n","protected":false},"excerpt":{"rendered":"Nice s&rsquo;impose de plus en plus comme une place forte du triathlon. La cit\u00e9 azur\u00e9enne accueillera en septembre&hellip;\n","protected":false},"author":2,"featured_media":64900,"comment_status":"","ping_status":"","sticky":false,"template":"","format":"standard","meta":{"footnotes":""},"categories":[2819],"tags":[1111,11,1777,674,107,1701,1011,27,12,2401,882,25,517,1947,10997],"class_list":{"0":"post-64899","1":"post","2":"type-post","3":"status-publish","4":"format-standard","5":"has-post-thumbnail","7":"category-nice","8":"tag-actu","9":"tag-actualites","10":"tag-eu","11":"tag-europe","12":"tag-fil-info","13":"tag-fil-info-sport","14":"tag-fr","15":"tag-france","16":"tag-news","17":"tag-nice","18":"tag-provence-alpes-cote-dazur","19":"tag-republique-francaise","20":"tag-sport","21":"tag-sport-national","22":"tag-triathlon"},"share_on_mastodon":{"url":"https:\/\/pubeurope.com\/@fr\/114428101506667039","error":""},"_links":{"self":[{"href":"https:\/\/www.europesays.com\/fr\/wp-json\/wp\/v2\/posts\/64899","targetHints":{"allow":["GET"]}}],"collection":[{"href":"https:\/\/www.europesays.com\/fr\/wp-json\/wp\/v2\/posts"}],"about":[{"href":"https:\/\/www.europesays.com\/fr\/wp-json\/wp\/v2\/types\/post"}],"author":[{"embeddable":true,"href":"https:\/\/www.europesays.com\/fr\/wp-json\/wp\/v2\/users\/2"}],"replies":[{"embeddable":true,"href":"https:\/\/www.europesays.com\/fr\/wp-json\/wp\/v2\/comments?post=64899"}],"version-history":[{"count":0,"href":"https:\/\/www.europesays.com\/fr\/wp-json\/wp\/v2\/posts\/64899\/revisions"}],"wp:featuredmedia":[{"embeddable":true,"href":"https:\/\/www.europesays.com\/fr\/wp-json\/wp\/v2\/media\/64900"}],"wp:attachment":[{"href":"https:\/\/www.europesays.com\/fr\/wp-json\/wp\/v2\/media?parent=64899"}],"wp:term":[{"taxonomy":"category","embeddable":true,"href":"https:\/\/www.europesays.com\/fr\/wp-json\/wp\/v2\/categories?post=64899"},{"taxonomy":"post_tag","embeddable":true,"href":"https:\/\/www.europesays.com\/fr\/wp-json\/wp\/v2\/tags?post=64899"}],"curies":[{"name":"wp","href":"https:\/\/api.w.org\/{rel}","templated":true}]}}