{"id":648990,"date":"2026-01-08T08:47:10","date_gmt":"2026-01-08T08:47:10","guid":{"rendered":"https:\/\/www.europesays.com\/fr\/648990\/"},"modified":"2026-01-08T08:47:10","modified_gmt":"2026-01-08T08:47:10","slug":"engrais-pac-pesticides-lue-tente-dapaiser-les-agriculteurs-avant-le-mercosur","status":"publish","type":"post","link":"https:\/\/www.europesays.com\/fr\/648990\/","title":{"rendered":"Engrais, PAC, pesticides&#8230; l\u2019UE tente d\u2019apaiser les agriculteurs avant le Mercosur"},"content":{"rendered":"<p>Rue de Varennes, au minist\u00e8re de l\u2019agriculture, on ne sait plus o\u00f9 donner de la t\u00eate en ce d\u00e9but d\u2019ann\u00e9e. En France, les agriculteurs viennent de rentrer dans Paris ce jeudi 8\u00a0d\u00e9cembre 2026 pour s\u2019opposer \u00e0 <a href=\"https:\/\/www.la-croix.com\/international\/mercosur-comment-paris-a-obtenu-un-mois-de-repit-avant-la-signature-de-l-accord-20251219\" data-tracking=\"inpage_click\" data-tracking-action=\"lire un article\" data-tracking-category=\"recirculation\" target=\"_blank\" rel=\"noopener\">l\u2019accord commercial avec le Mercosur<\/a> et \u00e0 la gestion sanitaire de la crise de la <a href=\"https:\/\/www.la-croix.com\/planete\/dermatose-nodulaire-fievre-catarrhale-pourquoi-ces-maladies-tropicales-risquent-de-se-repandre-dans-les-elevages-20260106\" data-tracking=\"inpage_click\" data-tracking-action=\"lire un article\" data-tracking-category=\"recirculation\" target=\"_blank\" rel=\"noopener\">dermatose nodulaire bovine<\/a>, alors qu\u2019\u00e0 Bruxelles on cherche \u00e0 obtenir des garanties pour tenter de calmer la grogne qui couve un peu partout en Europe. <\/p>\n<p>Cet article est r\u00e9serv\u00e9 aux abonn\u00e9s<\/p>\n<p>\n                    Vous souhaitez lire la suite\u00a0? Abonnez-vous sans engagement \u00e0 notre offre num\u00e9rique\n                <\/p>\n<p>                <a href=\"https:\/\/abonnement.la-croix.com\" class=\"default-paywall__subscribe-button\" data-tracking=\"cta_click\" data-tracking-action=\"voir la page abonnement\" data-tracking-category=\"abonnement\" target=\"_blank\" rel=\"noopener\">Je m&rsquo;abonne<\/a><\/p>\n","protected":false},"excerpt":{"rendered":"Rue de Varennes, au minist\u00e8re de l\u2019agriculture, on ne sait plus o\u00f9 donner de la t\u00eate en ce&hellip;\n","protected":false},"author":2,"featured_media":648991,"comment_status":"","ping_status":"","sticky":false,"template":"","format":"standard","meta":{"footnotes":""},"categories":[1586],"tags":[11,1777,674,1779,1011,27,12,25,1778,364],"class_list":{"0":"post-648990","1":"post","2":"type-post","3":"status-publish","4":"format-standard","5":"has-post-thumbnail","7":"category-europe","8":"tag-actualites","9":"tag-eu","10":"tag-europe","11":"tag-european-union","12":"tag-fr","13":"tag-france","14":"tag-news","15":"tag-republique-francaise","16":"tag-ue","17":"tag-union-europeenne"},"share_on_mastodon":{"url":"https:\/\/pubeurope.com\/@fr\/115858613663215727","error":""},"_links":{"self":[{"href":"https:\/\/www.europesays.com\/fr\/wp-json\/wp\/v2\/posts\/648990","targetHints":{"allow":["GET"]}}],"collection":[{"href":"https:\/\/www.europesays.com\/fr\/wp-json\/wp\/v2\/posts"}],"about":[{"href":"https:\/\/www.europesays.com\/fr\/wp-json\/wp\/v2\/types\/post"}],"author":[{"embeddable":true,"href":"https:\/\/www.europesays.com\/fr\/wp-json\/wp\/v2\/users\/2"}],"replies":[{"embeddable":true,"href":"https:\/\/www.europesays.com\/fr\/wp-json\/wp\/v2\/comments?post=648990"}],"version-history":[{"count":0,"href":"https:\/\/www.europesays.com\/fr\/wp-json\/wp\/v2\/posts\/648990\/revisions"}],"wp:featuredmedia":[{"embeddable":true,"href":"https:\/\/www.europesays.com\/fr\/wp-json\/wp\/v2\/media\/648991"}],"wp:attachment":[{"href":"https:\/\/www.europesays.com\/fr\/wp-json\/wp\/v2\/media?parent=648990"}],"wp:term":[{"taxonomy":"category","embeddable":true,"href":"https:\/\/www.europesays.com\/fr\/wp-json\/wp\/v2\/categories?post=648990"},{"taxonomy":"post_tag","embeddable":true,"href":"https:\/\/www.europesays.com\/fr\/wp-json\/wp\/v2\/tags?post=648990"}],"curies":[{"name":"wp","href":"https:\/\/api.w.org\/{rel}","templated":true}]}}