{"id":648994,"date":"2026-01-08T08:49:11","date_gmt":"2026-01-08T08:49:11","guid":{"rendered":"https:\/\/www.europesays.com\/fr\/648994\/"},"modified":"2026-01-08T08:49:11","modified_gmt":"2026-01-08T08:49:11","slug":"trump-retire-les-etats-unis-de-66-organisations-internationales","status":"publish","type":"post","link":"https:\/\/www.europesays.com\/fr\/648994\/","title":{"rendered":"Trump retire les Etats-Unis de 66 organisations internationales"},"content":{"rendered":"<p> \u00abl\u2019Am\u00e9rique d\u2019abord\u00a0\u00bb\u2026 Donald Trump continue <a href=\"https:\/\/www.20minutes.fr\/monde\/etats-unis\/4194397-20260105-venezuela-quoi-doctrine-monroe-trump-veut-remettre-place-risque-inspirer-russie-chine\" target=\"_blank\" class=\"c-link c-link--is-underlined\" rel=\"noopener\">de jouer cavalier seul sur la sc\u00e8ne internationale<\/a>. Le locataire de la Maison-Blanche a pour cela sign\u00e9 mercredi un d\u00e9cret ordonnant le retrait des Etats-Unis de 66 organisations internationales qui \u00ab\u00a0ne servent plus les int\u00e9r\u00eats am\u00e9ricains\u00a0\u00bb.<\/p>\n<p>Sur X, la Maison-Blanche a pr\u00e9cis\u00e9 que parmi elles se trouvaient 31 organisations li\u00e9es \u00e0 l\u2019ONU.<\/p>\n<p>L\u2019Unesco et l\u2019OMS sans les Etats-Unis<\/p>\n<p>Comme lors de son premier mandat, Donald Trump a ainsi d\u00e9cid\u00e9 de retirer les Etats-Unis de l\u2019accord de Paris sur le climat et de l\u2019<a href=\"https:\/\/www.20minutes.fr\/societe\/4194496-20260105-si-bistrots-francais-classes-patrimoine-unesco-demande-emmanuel-macron\" target=\"_blank\" class=\"c-link c-link--is-underlined\" rel=\"noopener\">Unesco<\/a> (organisation des Nations unies pour l\u2019\u00e9ducation, la science et la culture), que les Etats-Unis avaient r\u00e9int\u00e9gr\u00e9s sous la pr\u00e9sidence de Joe Biden. Il a en outre claqu\u00e9 la porte de l\u2019<a href=\"https:\/\/www.20minutes.fr\/monde\/etats-unis\/4134691-20250121-etats-unis-oms-escroques-trump-retire-pays-agence-onu\" target=\"_blank\" class=\"c-link c-link--is-underlined\" rel=\"noopener\">Organisation mondiale de la sant\u00e9<\/a>.<\/p>\n<\/p>\n<p>L\u2019administration Trump a \u00e9galement largement coup\u00e9 l\u2019aide am\u00e9ricaine \u00e0 l\u2019\u00e9tranger, amputant les budgets de nombreuses organisations onusiennes forc\u00e9es de r\u00e9duire leurs activit\u00e9s sur le terrain, comme le Haut-Commissariat aux r\u00e9fugi\u00e9s ou le Programme alimentaire mondial.<\/p>\n<p><a href=\"https:\/\/www.20minutes.fr\/monde\/etats-unis\/\" target=\"_blank\" class=\"c-link c-btn c-btn--primary\" rel=\"noopener\">Notre dossier sur les Etats-Unis<\/a><\/p>\n<p>Depuis la tribune de l\u2019Assembl\u00e9e g\u00e9n\u00e9rale en septembre, le pr\u00e9sident am\u00e9ricain avait \u00e9galement lanc\u00e9 une attaque en r\u00e8gle contre l\u2019ONU, selon lui \u00ab\u00a0tr\u00e8s loin de r\u00e9aliser son potentiel\u00a0\u00bb.<\/p>\n","protected":false},"excerpt":{"rendered":"\u00abl\u2019Am\u00e9rique d\u2019abord\u00a0\u00bb\u2026 Donald Trump continue de jouer cavalier seul sur la sc\u00e8ne internationale. Le locataire de la Maison-Blanche&hellip;\n","protected":false},"author":2,"featured_media":648995,"comment_status":"","ping_status":"","sticky":false,"template":"","format":"standard","meta":{"footnotes":""},"categories":[2],"tags":[47,11,312,75,73,1011,27,74,12,3521,25,133],"class_list":{"0":"post-648994","1":"post","2":"type-post","3":"status-publish","4":"format-standard","5":"has-post-thumbnail","7":"category-actualites","8":"tag-actualite","9":"tag-actualites","10":"tag-diplomatie","11":"tag-donald-trump","12":"tag-etats-unis","13":"tag-fr","14":"tag-france","15":"tag-monde","16":"tag-news","17":"tag-onu","18":"tag-republique-francaise","19":"tag-video"},"share_on_mastodon":{"url":"https:\/\/pubeurope.com\/@fr\/115858621302340357","error":""},"_links":{"self":[{"href":"https:\/\/www.europesays.com\/fr\/wp-json\/wp\/v2\/posts\/648994","targetHints":{"allow":["GET"]}}],"collection":[{"href":"https:\/\/www.europesays.com\/fr\/wp-json\/wp\/v2\/posts"}],"about":[{"href":"https:\/\/www.europesays.com\/fr\/wp-json\/wp\/v2\/types\/post"}],"author":[{"embeddable":true,"href":"https:\/\/www.europesays.com\/fr\/wp-json\/wp\/v2\/users\/2"}],"replies":[{"embeddable":true,"href":"https:\/\/www.europesays.com\/fr\/wp-json\/wp\/v2\/comments?post=648994"}],"version-history":[{"count":0,"href":"https:\/\/www.europesays.com\/fr\/wp-json\/wp\/v2\/posts\/648994\/revisions"}],"wp:featuredmedia":[{"embeddable":true,"href":"https:\/\/www.europesays.com\/fr\/wp-json\/wp\/v2\/media\/648995"}],"wp:attachment":[{"href":"https:\/\/www.europesays.com\/fr\/wp-json\/wp\/v2\/media?parent=648994"}],"wp:term":[{"taxonomy":"category","embeddable":true,"href":"https:\/\/www.europesays.com\/fr\/wp-json\/wp\/v2\/categories?post=648994"},{"taxonomy":"post_tag","embeddable":true,"href":"https:\/\/www.europesays.com\/fr\/wp-json\/wp\/v2\/tags?post=648994"}],"curies":[{"name":"wp","href":"https:\/\/api.w.org\/{rel}","templated":true}]}}