{"id":648996,"date":"2026-01-08T08:50:23","date_gmt":"2026-01-08T08:50:23","guid":{"rendered":"https:\/\/www.europesays.com\/fr\/648996\/"},"modified":"2026-01-08T08:50:23","modified_gmt":"2026-01-08T08:50:23","slug":"lea-charluet-en-preparation-lors-des-departementaux-de-cross-dans-lindre","status":"publish","type":"post","link":"https:\/\/www.europesays.com\/fr\/648996\/","title":{"rendered":"L\u00e9a Charluet en pr\u00e9paration lors des d\u00e9partementaux de cross dans l\u2019Indre"},"content":{"rendered":"<p>On a une g\u00e9n\u00e9ration dor\u00e9e en minimes et en cadets. On a le potentiel pour envoyer six ou sept athl\u00e8tes aux France, c\u2019est exceptionnel\u00a0! Laurent Moreau ne tarit pas d\u2019\u00e9loges sur ses prot\u00e9g\u00e9s du Blanc athl\u00e9tisme, l\u2019association qui coorganise les d\u00e9partementaux de cross \u00e0 Fontcombault, dimanche 11\u00a0janvier, en collaboration avec les sapeurs-pompiers de l\u2019Indre. L\u2019entra\u00eeneur savoure l\u2019envol des jeunes Blancois, dont le groupe de cadets arpente en semaine les couloirs du lyc\u00e9e Pasteur. \u00ab\u00a0Ils sont au club depuis longtemps, \u00e7a fait plaisir, souligne-t-il. Avec Cyrille Baptiste, le pr\u00e9sident du club, on a mis en place un plan cross&#8230;. <\/p>\n<p>    Cet article a \u00e9t\u00e9 tronqu\u00e9. Abonnez-vous pour lire l&rsquo;article complet sur notre site.<\/p>\n<p>\u00a0\u00bb<\/p>\n<p style=\"margin: 0 !important; padding: 0 !important; font-size: 12px !important;\">Cet article a \u00e9t\u00e9 tronqu\u00e9. Abonnez-vous pour lire l&rsquo;article complet.<\/p>\n<p>    <a href=\"https:\/\/www.lanouvellerepublique.fr\/abonnements\" style=\"display: inline-block; margin-top: 5px !important; padding: 6px 12px !important; background: #cb1c27; color: white; text-decoration: none; border-radius: 4px; font-size: 12px !important;\" target=\"_blank\" rel=\"noopener\"><br \/>\n      S&rsquo;abonner<br \/>\n    <\/a><\/p>\n","protected":false},"excerpt":{"rendered":"On a une g\u00e9n\u00e9ration dor\u00e9e en minimes et en cadets. On a le potentiel pour envoyer six ou&hellip;\n","protected":false},"author":2,"featured_media":648997,"comment_status":"","ping_status":"","sticky":false,"template":"","format":"standard","meta":{"footnotes":""},"categories":[4],"tags":[11,4132,4351,44050,1011,27,5052,15388,12,25,60],"class_list":{"0":"post-648996","1":"post","2":"type-post","3":"status-publish","4":"format-standard","5":"has-post-thumbnail","7":"category-france","8":"tag-actualites","9":"tag-athletisme","10":"tag-chateauroux","11":"tag-cross-country","12":"tag-fr","13":"tag-france","14":"tag-indre","15":"tag-le-blanc","16":"tag-news","17":"tag-republique-francaise","18":"tag-sports"},"share_on_mastodon":{"url":"https:\/\/pubeurope.com\/@fr\/115858625174856946","error":""},"_links":{"self":[{"href":"https:\/\/www.europesays.com\/fr\/wp-json\/wp\/v2\/posts\/648996","targetHints":{"allow":["GET"]}}],"collection":[{"href":"https:\/\/www.europesays.com\/fr\/wp-json\/wp\/v2\/posts"}],"about":[{"href":"https:\/\/www.europesays.com\/fr\/wp-json\/wp\/v2\/types\/post"}],"author":[{"embeddable":true,"href":"https:\/\/www.europesays.com\/fr\/wp-json\/wp\/v2\/users\/2"}],"replies":[{"embeddable":true,"href":"https:\/\/www.europesays.com\/fr\/wp-json\/wp\/v2\/comments?post=648996"}],"version-history":[{"count":0,"href":"https:\/\/www.europesays.com\/fr\/wp-json\/wp\/v2\/posts\/648996\/revisions"}],"wp:featuredmedia":[{"embeddable":true,"href":"https:\/\/www.europesays.com\/fr\/wp-json\/wp\/v2\/media\/648997"}],"wp:attachment":[{"href":"https:\/\/www.europesays.com\/fr\/wp-json\/wp\/v2\/media?parent=648996"}],"wp:term":[{"taxonomy":"category","embeddable":true,"href":"https:\/\/www.europesays.com\/fr\/wp-json\/wp\/v2\/categories?post=648996"},{"taxonomy":"post_tag","embeddable":true,"href":"https:\/\/www.europesays.com\/fr\/wp-json\/wp\/v2\/tags?post=648996"}],"curies":[{"name":"wp","href":"https:\/\/api.w.org\/{rel}","templated":true}]}}