{"id":649004,"date":"2026-01-08T08:59:12","date_gmt":"2026-01-08T08:59:12","guid":{"rendered":"https:\/\/www.europesays.com\/fr\/649004\/"},"modified":"2026-01-08T08:59:12","modified_gmt":"2026-01-08T08:59:12","slug":"pep-guardiola-fait-un-choix-fort-avant-city-brighton-premier-league-j19-manchester-city-brighton","status":"publish","type":"post","link":"https:\/\/www.europesays.com\/fr\/649004\/","title":{"rendered":"Pep Guardiola fait un choix fort avant City-Brighton &#8211; Premier League &#8211; J19 &#8211; Manchester City-Brighton"},"content":{"rendered":"<p>Avec un tel effectif, il faut bien laisser la place \u00e0 tout le monde\u2026<\/p>\n<p>Et pour preuve, <strong>Rayan Cherki ne commencera pas la rencontre qui oppose ce mercredi soir Manchester City \u00e0 Brighton<\/strong>, pour le compte de la 19e journ\u00e9e de championnat. Une sanction de Pep Guardiola <a target=\"_blank\" href=\"https:\/\/www.sofoot.com\/articles\/premier-league-manchester-city-concede-le-nul-sur-le-gong-contre-chelsea\" rel=\"noopener\">apr\u00e8s une performance moyenne dimanche dernier lors du nul contre Chelsea<\/a> ? Une fa\u00e7on de lui montrer qu\u2019il lui reste encore beaucoup de chemin avant d\u2019\u00eatre consid\u00e9r\u00e9 comme un titulaire indiscutable ?<\/p>\n<blockquote class=\"twitter-tweet\">\n<p lang=\"fi\" dir=\"ltr\">Your City side to take on Brighton! \ud83d\udc4a<br \/>\nXI | Donnarumma, Nunes, Khusanov, Alleyne, Ake, Nico, Bernardo (C), Reijnders, Foden, Doku, Haaland<br \/>\nSUBS | Trafford, Cherki, Rodri, O&rsquo;Reilly, McAidoo, Mukasa, Lewis, Mfuni, R. Heskey<br \/>\n\ud83e\udd1d <a target=\"_blank\" href=\"https:\/\/twitter.com\/etihad?ref_src=twsrc%5Etfw\" rel=\"noopener\">@etihad<\/a> <a target=\"_blank\" href=\"https:\/\/t.co\/ZkbQ5mPVoN\">pic.twitter.com\/ZkbQ5mPVoN<\/a><\/p>\n<p>\u2014 Manchester City (@ManCity) <a target=\"_blank\" href=\"https:\/\/twitter.com\/ManCity\/status\/2008965608038416668?ref_src=twsrc%5Etfw\" rel=\"noopener\">January 7, 2026<\/a><\/p><\/blockquote>\n<p>Si ce choix fort va certainement faire parler, <strong>le plus probable est que celui-ci permette surtout \u00e0 l\u2019ancien Lyonnais de souffler un peu<\/strong> apr\u00e8s un gros encha\u00eenement de matchs lors de son premier Boxing Day (cinq rencontres d\u00e9but\u00e9es en tant que titulaire entre le 20 d\u00e9cembre dernier et le dernier match face aux Blues le 4 janvier). Ce mercredi, Cherki est remplac\u00e9 au poste pour poste par Bernardo Silva, qui prend sa place sur l\u2019aile droite des Skyblues.\u00a0<\/p>\n<p>Un peu de repos <a target=\"_blank\" href=\"https:\/\/www.sofoot.com\/articles\/manchester-city-le-coup-du-foulard-de-rayan-cherki-la-beaute-du-geste-au-service-de-lefficacite\" rel=\"noopener\">pour l\u2019esth\u00e8te<\/a>.<\/p>\n<p>\t\t\t\t\t\t\t\t\t\t<a class=\"lien-connexe\" href=\"https:\/\/www.sofoot.com\/articles\/premier-league-manchester-city-et-aston-villa-font-match-nul-contre-brighton-et-crystal-palace-chelsea-se-dechire-contre-fulham\" target=\"_blank\" rel=\"noopener\">City et Villa perdent du terrain, Chelsea se d\u00e9chire<\/a>\t\t\t\t\t<script async src=\"https:\/\/platform.twitter.com\/widgets.js\" charset=\"utf-8\"><\/script><\/p>\n","protected":false},"excerpt":{"rendered":"Avec un tel effectif, il faut bien laisser la place \u00e0 tout le monde\u2026 Et pour preuve, Rayan&hellip;\n","protected":false},"author":2,"featured_media":649005,"comment_status":"","ping_status":"","sticky":false,"template":"","format":"standard","meta":{"footnotes":""},"categories":[1410],"tags":[47,61,69,65,64,63,1011,27,68,66,62,70,67,60],"class_list":{"0":"post-649004","1":"post","2":"type-post","3":"status-publish","4":"format-standard","5":"has-post-thumbnail","7":"category-football","8":"tag-actualite","9":"tag-actus-football","10":"tag-bundesliga","11":"tag-championnats-europeens","12":"tag-equipe-de-france","13":"tag-football","14":"tag-fr","15":"tag-france","16":"tag-ligua","17":"tag-ligue-1","18":"tag-news-foot","19":"tag-premier-league","20":"tag-serie-a","21":"tag-sports"},"share_on_mastodon":{"url":"https:\/\/pubeurope.com\/@fr\/115858660704731717","error":""},"_links":{"self":[{"href":"https:\/\/www.europesays.com\/fr\/wp-json\/wp\/v2\/posts\/649004","targetHints":{"allow":["GET"]}}],"collection":[{"href":"https:\/\/www.europesays.com\/fr\/wp-json\/wp\/v2\/posts"}],"about":[{"href":"https:\/\/www.europesays.com\/fr\/wp-json\/wp\/v2\/types\/post"}],"author":[{"embeddable":true,"href":"https:\/\/www.europesays.com\/fr\/wp-json\/wp\/v2\/users\/2"}],"replies":[{"embeddable":true,"href":"https:\/\/www.europesays.com\/fr\/wp-json\/wp\/v2\/comments?post=649004"}],"version-history":[{"count":0,"href":"https:\/\/www.europesays.com\/fr\/wp-json\/wp\/v2\/posts\/649004\/revisions"}],"wp:featuredmedia":[{"embeddable":true,"href":"https:\/\/www.europesays.com\/fr\/wp-json\/wp\/v2\/media\/649005"}],"wp:attachment":[{"href":"https:\/\/www.europesays.com\/fr\/wp-json\/wp\/v2\/media?parent=649004"}],"wp:term":[{"taxonomy":"category","embeddable":true,"href":"https:\/\/www.europesays.com\/fr\/wp-json\/wp\/v2\/categories?post=649004"},{"taxonomy":"post_tag","embeddable":true,"href":"https:\/\/www.europesays.com\/fr\/wp-json\/wp\/v2\/tags?post=649004"}],"curies":[{"name":"wp","href":"https:\/\/api.w.org\/{rel}","templated":true}]}}