{"id":649006,"date":"2026-01-08T09:00:11","date_gmt":"2026-01-08T09:00:11","guid":{"rendered":"https:\/\/www.europesays.com\/fr\/649006\/"},"modified":"2026-01-08T09:00:11","modified_gmt":"2026-01-08T09:00:11","slug":"valerie-pecresse-apercue-aux-obseques-de-la-femme-dedouard-balladur-journal-des-femmes","status":"publish","type":"post","link":"https:\/\/www.europesays.com\/fr\/649006\/","title":{"rendered":"Val\u00e9rie P\u00e9cresse aper\u00e7ue aux obs\u00e8ques de la femme d&#039;Edouard Balladur &#8211; Journal des Femmes"},"content":{"rendered":"<ol>\n<li><a href=\"https:\/\/news.google.com\/rss\/articles\/CBMijAJBVV95cUxNRHJUcEpBQWhoUFZwYVBockRsbWlMMDI5OERMMDdRRlFET2dKWjRsUmVwQmk4VDJLRE5EM2g1YV8tTXlCVFZvZlBVTTFIYTBHSVRFRnZ1WVNDMEloR3pXVmoxTjJoLV90am5fY05ETWFTcDhvWm1GNkZtOTJia09vZ0U0OXRVVER6V0p2S2M0ak9BQUh6NjgzWVNjSmRydjZnUXd2U1p0MnpvU0R3eFhhV1hjZlloX2N1LTNzeFEwZV9nTV9BOU1vbDFieWhoUXpWSG44czhjMmhnVzJBcnNtX2hDZ2ZiMWpsMVpxRS1HejRzMnpoZ2VqRE9yWERuZS1Md1F4WTA1WXRRS2l2?oc=5\" target=\"_blank\" rel=\"noopener\">Val\u00e9rie P\u00e9cresse aper\u00e7ue aux obs\u00e8ques de la femme d&rsquo;Edouard Balladur<\/a>&nbsp;&nbsp;Journal des Femmes<\/li>\n<li><a href=\"https:\/\/news.google.com\/rss\/articles\/CBMi5gFBVV95cUxQRWhxMWp5S3o2QzBBU2pSNWNlVWlJX1dTeG5EamlOZW5sMTJnNUplQVhHRDBWX2JzeU9JU3oxMjRrX0hfLXBrVUV6YTF3SmlZcklWaFo5X1R6Q3g4RXQ3bnhtSkhaR3JTWUdwdk9DeFZDdkhZWTdFYXFmMm5DVmJCSklDckNUT3VnZjM2NDRFSUZxUUxsWVYwTEcxTnE5X1huSXZ4MnVfb2lUaU9hUlNFUjJNU2ZhakQzUHZUOWZTdndORmdQckFVanF1SHhKdWt4dm9MZmFxQzBJVmVXTmZHUVFKWjlXUQ?oc=5\" target=\"_blank\" rel=\"noopener\">Les adieux \u00e9mus d&rsquo;Edouard Balladur \u00e0 sa femme, Nicolas Sarkozy et Fran\u00e7ois Bayrou bravent la neige pour le soutenir<\/a>&nbsp;&nbsp;parismatch.com<\/li>\n<li><a href=\"https:\/\/news.google.com\/rss\/articles\/CBMi4AFBVV95cUxPbmtNSm5XaUNxanc5dGl6MmdIQ2t5N2puVnBSZGNNWEltQnYyd0dXeTc4R3duaElUZG9WOUw0bDBDYlBFTWRfT2xzTkJxS21RQUhzN0hrTE9YbnBvczg0bHhGRGVWdnBFNTFXRjlMMm1TeWdjekVxWGsyOUJMTmx4WDJMYk0xOU9kbHRiZkVoQlh0cV9rSDJ1WUVrMC02ZDRZSmRuQ0Q4RmlWVmVlQnBwZnI5RHlFdF8yS1pzVGxfUW51RllRVGk4dkI1U0JxQllWMmE4WlZYam1uU090S29mdw?oc=5\" target=\"_blank\" rel=\"noopener\">\u00c9douard Balladur en deuil : qui sont ses 4 enfants, qu\u2019il a eus avec sa d\u00e9funte \u00e9pouse Marie-Jos\u00e8phe ?<\/a>&nbsp;&nbsp;Gala<\/li>\n<li><a href=\"https:\/\/news.google.com\/rss\/articles\/CBMi-wFBVV95cUxQemg2YzJjSjJfclBRWWx5ZmZxcWsxVGFULVg1UGNyWXE4c3JEQlZ5aC1DN0o0dmVZRDFnLVFuWVlQWnhCbThaaDJUQXdTTlhJZjBOc2tZNk5jRUdlTEZmaTBFdjhyQUFQZkIyQzJBMkZwUjF0TFh3ZTRESHFSMkZZUVN3eGRpM1JGRzVtMVhzQV9OYTBCc1I1UzQ1UmwtN1pHV3QtRVpyNHlnRk9iM3kxS2pYWjNuS2w0RkVlcnBDbS1Qa3hFTVVCMUM1SU9RYkVDMHExZUZMbFo5X0pId2pNdlVHZ1Zhc3FVOXdjcURkaXZlT1l0Z2NRc3Zqbw?oc=5\" target=\"_blank\" rel=\"noopener\">Recueillement pour un grand nom fran\u00e7ais sous la neige \u00e0 Paris, le m\u00eame jour que Brigitte Bardot : cet homme a perdu sa femme<\/a>&nbsp;&nbsp;Purepeople<\/li>\n<li><a href=\"https:\/\/news.google.com\/rss\/articles\/CBMi5wFBVV95cUxQVUpyZXUzLTMyS2FNTThPVmJSbVYya0o1N0N4UGZsa19kd1o5Mkl4bU1CMkkwaU04MDJKR3RHZjZzRVZzVTZHOEtUX2R1N2R1NUlhNGp5b0x1VExadnpEbWQ1SW5feVBSa2ZmSUlSSVRRemdRWG1hdjNhWm1aaU5zb0NfZ29uX1ZYUG1sT2Y5eDJEWV9vYTdxdDlkcGlUYl9wVXpsTlVQN1R5U1lPVzNaNGFtb05JVGJ6blhBZVJVYjZ6akpwUHR0cUNRTjBwZ2FIX0hCNHlsQlNpa2FPVDgwX29LcnUzLWM?oc=5\" target=\"_blank\" rel=\"noopener\">Obs\u00e8ques de Marie-Jos\u00e8phe Balladur : son mari Edouard Balladur \u00e9mu et entour\u00e9 de plusieurs personnalit\u00e9s politiques<\/a>&nbsp;&nbsp;Voici<\/li>\n<\/ol>\n","protected":false},"excerpt":{"rendered":"Val\u00e9rie P\u00e9cresse aper\u00e7ue aux obs\u00e8ques de la femme d&rsquo;Edouard Balladur&nbsp;&nbsp;Journal des Femmes Les adieux \u00e9mus d&rsquo;Edouard Balladur \u00e0&hellip;\n","protected":false},"author":2,"featured_media":649007,"comment_status":"","ping_status":"","sticky":false,"template":"","format":"standard","meta":{"footnotes":""},"categories":[1359],"tags":[75413,51761,58,59,3696,53051,1011,27,51766,973,2328],"class_list":{"0":"post-649006","1":"post","2":"type-post","3":"status-publish","4":"format-standard","5":"has-post-thumbnail","7":"category-people","8":"tag-cms-journaldesfemmes-3252899","9":"tag-controller-content","10":"tag-divertissement","11":"tag-entertainment","12":"tag-evenements","13":"tag-format-diaporama","14":"tag-fr","15":"tag-france","16":"tag-les-histoires-du-jdf","17":"tag-people","18":"tag-valerie-pecresse"},"share_on_mastodon":{"url":"https:\/\/pubeurope.com\/@fr\/115858664470216336","error":""},"_links":{"self":[{"href":"https:\/\/www.europesays.com\/fr\/wp-json\/wp\/v2\/posts\/649006","targetHints":{"allow":["GET"]}}],"collection":[{"href":"https:\/\/www.europesays.com\/fr\/wp-json\/wp\/v2\/posts"}],"about":[{"href":"https:\/\/www.europesays.com\/fr\/wp-json\/wp\/v2\/types\/post"}],"author":[{"embeddable":true,"href":"https:\/\/www.europesays.com\/fr\/wp-json\/wp\/v2\/users\/2"}],"replies":[{"embeddable":true,"href":"https:\/\/www.europesays.com\/fr\/wp-json\/wp\/v2\/comments?post=649006"}],"version-history":[{"count":0,"href":"https:\/\/www.europesays.com\/fr\/wp-json\/wp\/v2\/posts\/649006\/revisions"}],"wp:featuredmedia":[{"embeddable":true,"href":"https:\/\/www.europesays.com\/fr\/wp-json\/wp\/v2\/media\/649007"}],"wp:attachment":[{"href":"https:\/\/www.europesays.com\/fr\/wp-json\/wp\/v2\/media?parent=649006"}],"wp:term":[{"taxonomy":"category","embeddable":true,"href":"https:\/\/www.europesays.com\/fr\/wp-json\/wp\/v2\/categories?post=649006"},{"taxonomy":"post_tag","embeddable":true,"href":"https:\/\/www.europesays.com\/fr\/wp-json\/wp\/v2\/tags?post=649006"}],"curies":[{"name":"wp","href":"https:\/\/api.w.org\/{rel}","templated":true}]}}