{"id":649008,"date":"2026-01-08T09:03:17","date_gmt":"2026-01-08T09:03:17","guid":{"rendered":"https:\/\/www.europesays.com\/fr\/649008\/"},"modified":"2026-01-08T09:03:17","modified_gmt":"2026-01-08T09:03:17","slug":"invites-maurice-szafran-nicolas-domenach-mireille-dumas-yves-bigot-en-replay-c-a-vous","status":"publish","type":"post","link":"https:\/\/www.europesays.com\/fr\/649008\/","title":{"rendered":"Invit\u00e9s : Maurice Szafran, Nicolas Domenach, Mireille Dumas, Yves Bigot en replay &#8211; C \u00e0 vous"},"content":{"rendered":"<p class=\"kPgwkc gYsEFt\">\u00ab\u00a0N\u00e9ron \u00e0 l\u2019Elys\u00e9e\u00a0\u00bb : dans les coulisses du dernier mandat d\u2019Emmanuel Macron<\/p>\n<p class=\"kPgwkc gYsEFt\">&#8211; Maurice Szafran, \u00e9ditorialiste \u00e0 Challenges et BFMTV<\/p>\n<p class=\"kPgwkc gYsEFt\">&#8211; Nicolas Domenach, \u00e9ditorialiste \u00e0 Challenges et LCI<\/p>\n<p class=\"kPgwkc gYsEFt\">Livre : \u00ab N\u00e9ron \u00e0 l\u2019Elys\u00e9e \u00bb, disponible \u00e0 partir du 8 janvier aux \u00e9ditions Albin Michel<br \/>Obs\u00e8ques de Brigitte Bardot : Saint-Tropez a dit au revoir \u00e0 l\u2019ic\u00f4ne du cin\u00e9ma fran\u00e7ais<br \/>&#8211; Mireille Dumas, journaliste et r\u00e9alisatrice<\/p>\n<p class=\"kPgwkc gYsEFt\">Film : \u00ab Brigitte Bardot, l&rsquo;insoumise \u00bb, documentaire de 2023 de nouveau disponible sur canal +<\/p>\n<p class=\"kPgwkc gYsEFt\">Youtube : \u00ab Brigitte Bardot re\u00e7oit Mireille Dumas en exclusivit\u00e9 \u00e0 La Madrague \u00bb interview de 2006 \u00e0 retrouver sur la cha\u00eene INA Mireille Dumas<\/p>\n<p class=\"kPgwkc gYsEFt\">&#8211; Yves Bigot, journaliste biographe de Brigitte Bardot<br \/>Livre : \u00ab Brigitte Bardot, la femme la plus belle et la plus scandaleuse du monde \u00bb, disponible aux \u00e9ditions Points<\/p>\n","protected":false},"excerpt":{"rendered":"\u00ab\u00a0N\u00e9ron \u00e0 l\u2019Elys\u00e9e\u00a0\u00bb : dans les coulisses du dernier mandat d\u2019Emmanuel Macron &#8211; Maurice Szafran, \u00e9ditorialiste \u00e0 Challenges&hellip;\n","protected":false},"author":2,"featured_media":649009,"comment_status":"","ping_status":"","sticky":false,"template":"","format":"standard","meta":{"footnotes":""},"categories":[1356],"tags":[58,59,1011,27,252,1364],"class_list":{"0":"post-649008","1":"post","2":"type-post","3":"status-publish","4":"format-standard","5":"has-post-thumbnail","7":"category-television","8":"tag-divertissement","9":"tag-entertainment","10":"tag-fr","11":"tag-france","12":"tag-television","13":"tag-tv"},"share_on_mastodon":{"url":"https:\/\/pubeurope.com\/@fr\/115858676589714982","error":""},"_links":{"self":[{"href":"https:\/\/www.europesays.com\/fr\/wp-json\/wp\/v2\/posts\/649008","targetHints":{"allow":["GET"]}}],"collection":[{"href":"https:\/\/www.europesays.com\/fr\/wp-json\/wp\/v2\/posts"}],"about":[{"href":"https:\/\/www.europesays.com\/fr\/wp-json\/wp\/v2\/types\/post"}],"author":[{"embeddable":true,"href":"https:\/\/www.europesays.com\/fr\/wp-json\/wp\/v2\/users\/2"}],"replies":[{"embeddable":true,"href":"https:\/\/www.europesays.com\/fr\/wp-json\/wp\/v2\/comments?post=649008"}],"version-history":[{"count":0,"href":"https:\/\/www.europesays.com\/fr\/wp-json\/wp\/v2\/posts\/649008\/revisions"}],"wp:featuredmedia":[{"embeddable":true,"href":"https:\/\/www.europesays.com\/fr\/wp-json\/wp\/v2\/media\/649009"}],"wp:attachment":[{"href":"https:\/\/www.europesays.com\/fr\/wp-json\/wp\/v2\/media?parent=649008"}],"wp:term":[{"taxonomy":"category","embeddable":true,"href":"https:\/\/www.europesays.com\/fr\/wp-json\/wp\/v2\/categories?post=649008"},{"taxonomy":"post_tag","embeddable":true,"href":"https:\/\/www.europesays.com\/fr\/wp-json\/wp\/v2\/tags?post=649008"}],"curies":[{"name":"wp","href":"https:\/\/api.w.org\/{rel}","templated":true}]}}