{"id":649024,"date":"2026-01-08T09:11:08","date_gmt":"2026-01-08T09:11:08","guid":{"rendered":"https:\/\/www.europesays.com\/fr\/649024\/"},"modified":"2026-01-08T09:11:08","modified_gmt":"2026-01-08T09:11:08","slug":"trump-ordonne-le-retrait-des-etats-unis-dun-traite-de-reference-sur-le-climat-boursorama","status":"publish","type":"post","link":"https:\/\/www.europesays.com\/fr\/649024\/","title":{"rendered":"Trump ordonne le retrait des Etats-Unis d&#039;un trait\u00e9 de r\u00e9f\u00e9rence sur le climat &#8211; Boursorama"},"content":{"rendered":"<ol>\n<li><a href=\"https:\/\/news.google.com\/rss\/articles\/CBMi_wFBVV95cUxNcVU5WVV3Zy1xZmMwd3d6Y2syYXNVRFV3WE9jOW4zZnh4alNlaEZCcUhfNnFOMUJWYTV6bFMyZG5faS1kaUdSQ25PaEh5V1R3R2NsR1NUT2tzOGRYQVB3VGF1aUtJT1VkSTJKSjdoeFhvYUpPM0FMUGJQYzJsYnoyQVRTSVc0WEZKdF8yUUV3ZE1VQW9Zcy1uYU0yUUJhdUQycEh0V0Z6UWdmeEc3ZEFjTkRxZDlvbl95czlXQVBjeUx0ZWJ1dWJJWHhEVHhpTTBvNGRObTZZM0ViVU5lcGJ6TVluYWdQdlRxemViN3phN1U3bUhVb1ZtQ1pZTkZQQzTSAYQCQVVfeXFMTmZ3c0JXQkZ4c2NBYUh0RXIyZ3J3ajBxbFlNOHo5aWhjaUFxRUcyVWpvemtFZXpyWnNaRnJ5SkZNWkFoYjI4ZEg4eXZ5cVBYa2dwR3BtM3pHNm9sSVVDS2VON08xMGNlX2w0NjEzRkxrRFE2TURvVnlZUVcxdlcwLVEwR0FfOUVtdDhjOUVCUVJIQkswWDBVdFp4ekQ3dFdpWE9XYTRNV2FtMlRIdTQxMFE3a25BcTJnTDVqaFRKWnNXZnVjRUFNUGJ2UnVpVFFTQ1NwY0ZBUGV4VlBpWGgtUzlLakp4dV9BN2RSM2xfRS1yMVdOQ0FOUXktbGtXNzNfQTQ0dVM?oc=5\" target=\"_blank\" rel=\"noopener\">Trump ordonne le retrait des Etats-Unis d&rsquo;un trait\u00e9 de r\u00e9f\u00e9rence sur le climat<\/a>&nbsp;&nbsp;Boursorama<\/li>\n<li><a href=\"https:\/\/news.google.com\/rss\/articles\/CBMi7AFBVV95cUxQQVBtT0EwRG8tM2tUQXFvRFg3NWlUdjZSeHlQeTUwVHUxby1hUzl0LVBMVzd4UEd0UWFxMzcwZ2FZNFhMenFyZkxQaW1oMTlOTnlLaFJuOENrVTh6clh0YTF0aWJrOTNZZ0hRMmJIQk5WZlZmQmw4STRwVDBZTEdFVGlWcE1tVkdTWGVnT1FaZm54cWd2TzdiT2RCS0JIWll2RWtjaEtObmduMDduU3ZDRWM5RGdhdVU4TjZ6d1JWR2lmUEE4T0FneEZPU1AwNl96MlNqblVkemNGRHV0cTlLajlkb0Q0ZERsYmhUcg?oc=5\" target=\"_blank\" rel=\"noopener\">Donald Trump ordonne le retrait des Etats-Unis de soixante-six organisations internationales<\/a>&nbsp;&nbsp;Le Monde.fr<\/li>\n<li><a href=\"https:\/\/news.google.com\/rss\/articles\/CBMijAJBVV95cUxNZmFrcEJtSUk5RnFzRWptSzd5T3NweVNfM0VhQmR3NGMtcFVvblRqNUZQeUF3eU1TZE1kNkxycU12RTV3S0RCYS1EblNDVHRkTlZJQ2NMLU1JOFhvSTJkMGdrRWktdUVrYktFNDVkYml2VFVGY2ZwT1BMa1lDYlZKalFJdlhnNEZNWkxDMlVsVG02b1JRRi12bUlnNXlOQTd3T0dueVltNUlZMm1uQndfa19tT2RpWktLMTA2bk9mamIxUlFVT0IyX0JNSS1JY2U3bmdRTTlNMnZ6NG5McmNFVzlMVHctWWdrT1hsUjZtOTNGRG9EV2tpSFM2V3ZzOWxyYURiVFdXUzc3cWh0?oc=5\" target=\"_blank\" rel=\"noopener\">Elles \u201cne servent plus les int\u00e9r\u00eats am\u00e9ricains\u201d : Donald Trump acte le retrait des \u00c9tats-Unis de 66 organisations internationales<\/a>&nbsp;&nbsp;Actualit\u00e9s \u2013 Orange<\/li>\n<li><a href=\"https:\/\/news.google.com\/rss\/articles\/CBMiqwJBVV95cUxONUxVVFNGaW0tQjNocXBhajlnMXI4VVNoaHhJeWY4WmdreWNqTTlhRGRBWTdnUHFXWXhSUWxvMEhqR2dxY3Y2RGlpNXBFZHhVd0lYa05JTEtFUTA1ZGtTRS01RndXT0RRby1hRFY1dVZNWFB2cTMtT2JfTHBDN1p5S3NvQkkzbHpjdHBSOWROblRUVXI4R1FnaEJEbm5DWWlKcXhnakRQUTdfZ0x6RTdfQ043c3p4aVBUWVFTOS1pNHNXd3JnN0FRNUY0MlR2eDE1bWlJWkh1b0xCcTBHR1lUOEU4ejNNbUhULUx3QkxVWHBTOHJpWGJ1N01lZDV6OWM5TFpHNTJwdnRpNDNhMTlDZTRUSkxPV0E2clVvY3ZxcE0xUmNMVXl5aG41NA?oc=5\" target=\"_blank\" rel=\"noopener\">31 sont li\u00e9es \u00e0 l&rsquo;ONU: Donald Trump ordonne le retrait de 66 organisations internationales par les \u00c9tats-Unis<\/a>&nbsp;&nbsp;BFM<\/li>\n<li><a href=\"https:\/\/news.google.com\/rss\/articles\/CBMiwAFBVV95cUxPZ0NZTUszeG85Um0xUWFDOWtBZ3BCS0phQlpMUXZIM2ZJeU0tX3dnTlBsOFFRc3Z6cUtKUDRialptaXdINHc3aC1CZHpvV3EtNXFEUU8wWFA2MGN0YklCcGtNNGpYUWNTSlRsRzBjeGJsMmEtd3FJZDFtVW1YS3FCZVVNZWMtM1RQbTMzZWszdU9Db0JJU3VVSzVtb2szTHZHQUc5MWZsZTBGUzJOT0s5alBpZlNHeVdzLUNnYTBqRTY?oc=5\" target=\"_blank\" rel=\"noopener\">S\u00e9isme diplomatique : Donald Trump rompt avec 66 instances mondiales<\/a>&nbsp;&nbsp;Le Point<\/li>\n<\/ol>\n","protected":false},"excerpt":{"rendered":"Trump ordonne le retrait des Etats-Unis d&rsquo;un trait\u00e9 de r\u00e9f\u00e9rence sur le climat&nbsp;&nbsp;Boursorama Donald Trump ordonne le retrait&hellip;\n","protected":false},"author":2,"featured_media":395849,"comment_status":"","ping_status":"","sticky":false,"template":"","format":"standard","meta":{"footnotes":""},"categories":[5],"tags":[11,1011,27,14,12,28],"class_list":{"0":"post-649024","1":"post","2":"type-post","3":"status-publish","4":"format-standard","5":"has-post-thumbnail","7":"category-international","8":"tag-actualites","9":"tag-fr","10":"tag-france","11":"tag-international","12":"tag-news","13":"tag-world"},"share_on_mastodon":{"url":"https:\/\/pubeurope.com\/@fr\/115858707835539713","error":""},"_links":{"self":[{"href":"https:\/\/www.europesays.com\/fr\/wp-json\/wp\/v2\/posts\/649024","targetHints":{"allow":["GET"]}}],"collection":[{"href":"https:\/\/www.europesays.com\/fr\/wp-json\/wp\/v2\/posts"}],"about":[{"href":"https:\/\/www.europesays.com\/fr\/wp-json\/wp\/v2\/types\/post"}],"author":[{"embeddable":true,"href":"https:\/\/www.europesays.com\/fr\/wp-json\/wp\/v2\/users\/2"}],"replies":[{"embeddable":true,"href":"https:\/\/www.europesays.com\/fr\/wp-json\/wp\/v2\/comments?post=649024"}],"version-history":[{"count":0,"href":"https:\/\/www.europesays.com\/fr\/wp-json\/wp\/v2\/posts\/649024\/revisions"}],"wp:featuredmedia":[{"embeddable":true,"href":"https:\/\/www.europesays.com\/fr\/wp-json\/wp\/v2\/media\/395849"}],"wp:attachment":[{"href":"https:\/\/www.europesays.com\/fr\/wp-json\/wp\/v2\/media?parent=649024"}],"wp:term":[{"taxonomy":"category","embeddable":true,"href":"https:\/\/www.europesays.com\/fr\/wp-json\/wp\/v2\/categories?post=649024"},{"taxonomy":"post_tag","embeddable":true,"href":"https:\/\/www.europesays.com\/fr\/wp-json\/wp\/v2\/tags?post=649024"}],"curies":[{"name":"wp","href":"https:\/\/api.w.org\/{rel}","templated":true}]}}