{"id":649025,"date":"2026-01-08T09:12:10","date_gmt":"2026-01-08T09:12:10","guid":{"rendered":"https:\/\/www.europesays.com\/fr\/649025\/"},"modified":"2026-01-08T09:12:10","modified_gmt":"2026-01-08T09:12:10","slug":"des-tracteurs-sont-entres-dans-paris-appel-a-manifester-devant-lassemblee-nationale","status":"publish","type":"post","link":"https:\/\/www.europesays.com\/fr\/649025\/","title":{"rendered":"des tracteurs sont entr\u00e9s dans Paris\u00a0; appel \u00e0 manifester devant l\u2019Assembl\u00e9e nationale"},"content":{"rendered":"<p>   \u00ab\u00a0Mission accomplie\u00a0\u00bb, selon Bertrand Venteau, pr\u00e9sident de la Coordination rurale, m\u00eame si la plupart des tracteurs restent bloqu\u00e9s aux portes de Paris              <\/p>\n<p class=\"post__live-container--answer-text post__space-node\">\u00ab\u00a0Mission accomplie.\u00a0\u00bb Bertrand Venteau, pr\u00e9sident de la Coordination rurale (CR), le deuxi\u00e8me syndicat agricole fran\u00e7ais, s\u2019est r\u00e9joui sur Europe 1\u00a0qu\u2019une centaine de tracteurs soient entr\u00e9s dans Paris. \u00ab\u00a0Un exploit\u00a0\u00bb, selon lui.<\/p>\n<p class=\"post__live-container--answer-text post__space-node\">Le minist\u00e8re de l\u2019int\u00e9rieur a expliqu\u00e9 que, par petits groupes, ils ont \u00ab\u00a0contourn\u00e9 et forc\u00e9 parfois, en prenant des risques totalement inconsid\u00e9r\u00e9s, les barrages mis en place en grande couronne et en petite couronne\u00a0\u00bb de Paris.<\/p>\n<p class=\"post__live-container--answer-text post__space-node\">\u00ab\u00a0C\u2019est inacceptable, parce qu\u2019on voulait arriver pacifiquement dans Paris et les m\u00e9thodes utilis\u00e9es ne sont pas les bonnes. Qu\u2019on nous laisse tranquilles, qu\u2019on lib\u00e8re les tracteurs\u00a0\u00bb, a poursuivi Bertrand Venteau sur Europe 1.<\/p>\n<p class=\"post__live-container--answer-text post__space-node\">Ludovic Ducloux, copr\u00e9sident de la CR 33 (Gironde), et une vingtaine d\u2019autres sont arriv\u00e9s aussi avant <a href=\"https:\/\/www.facebook.com\/permalink.php?story_fbid=pfbid032TnYc5AZhA4mEpmsz2AYjdW9E4Narw6Qchdg3xo1CfSLguJtgrLj1yrHQ4WY4i3jl&amp;id=61571712101000\" target=\"_blank\" rel=\"noopener\" title=\"Nouvelle fen\u00eatre\">4\u00a0heures sous la tour Eiffel<\/a>, o\u00f9 ils ont eu le temps d\u2019aligner une dizaine de tracteurs pour une photo souvenir. Les forces de l\u2019ordre leur ont ensuite demand\u00e9 de les garer dans une rue adjacente. Mais le coup est r\u00e9ussi, estime le viticulteur du Bordelais, \u00e2g\u00e9 de 46\u00a0ans, qui assure n\u2019avoir \u00ab\u00a0pas forc\u00e9 de barrage\u00a0\u00bb policier.<\/p>\n","protected":false},"excerpt":{"rendered":"\u00ab\u00a0Mission accomplie\u00a0\u00bb, selon Bertrand Venteau, pr\u00e9sident de la Coordination rurale, m\u00eame si la plupart des tracteurs restent bloqu\u00e9s&hellip;\n","protected":false},"author":2,"featured_media":649026,"comment_status":"","ping_status":"","sticky":false,"template":"","format":"standard","meta":{"footnotes":""},"categories":[4],"tags":[11,1011,27,12,25],"class_list":{"0":"post-649025","1":"post","2":"type-post","3":"status-publish","4":"format-standard","5":"has-post-thumbnail","7":"category-france","8":"tag-actualites","9":"tag-fr","10":"tag-france","11":"tag-news","12":"tag-republique-francaise"},"share_on_mastodon":{"url":"https:\/\/pubeurope.com\/@fr\/115858711959178979","error":""},"_links":{"self":[{"href":"https:\/\/www.europesays.com\/fr\/wp-json\/wp\/v2\/posts\/649025","targetHints":{"allow":["GET"]}}],"collection":[{"href":"https:\/\/www.europesays.com\/fr\/wp-json\/wp\/v2\/posts"}],"about":[{"href":"https:\/\/www.europesays.com\/fr\/wp-json\/wp\/v2\/types\/post"}],"author":[{"embeddable":true,"href":"https:\/\/www.europesays.com\/fr\/wp-json\/wp\/v2\/users\/2"}],"replies":[{"embeddable":true,"href":"https:\/\/www.europesays.com\/fr\/wp-json\/wp\/v2\/comments?post=649025"}],"version-history":[{"count":0,"href":"https:\/\/www.europesays.com\/fr\/wp-json\/wp\/v2\/posts\/649025\/revisions"}],"wp:featuredmedia":[{"embeddable":true,"href":"https:\/\/www.europesays.com\/fr\/wp-json\/wp\/v2\/media\/649026"}],"wp:attachment":[{"href":"https:\/\/www.europesays.com\/fr\/wp-json\/wp\/v2\/media?parent=649025"}],"wp:term":[{"taxonomy":"category","embeddable":true,"href":"https:\/\/www.europesays.com\/fr\/wp-json\/wp\/v2\/categories?post=649025"},{"taxonomy":"post_tag","embeddable":true,"href":"https:\/\/www.europesays.com\/fr\/wp-json\/wp\/v2\/tags?post=649025"}],"curies":[{"name":"wp","href":"https:\/\/api.w.org\/{rel}","templated":true}]}}