{"id":649029,"date":"2026-01-08T09:14:09","date_gmt":"2026-01-08T09:14:09","guid":{"rendered":"https:\/\/www.europesays.com\/fr\/649029\/"},"modified":"2026-01-08T09:14:09","modified_gmt":"2026-01-08T09:14:09","slug":"la-ligne-sncf-interrompue-entre-saint-etienne-et-lyon","status":"publish","type":"post","link":"https:\/\/www.europesays.com\/fr\/649029\/","title":{"rendered":"la ligne SNCF interrompue entre Saint-Etienne et Lyon"},"content":{"rendered":"<p>                    Par<br \/>\n        <strong><br \/>\n            <a href=\"https:\/\/actu.fr\/auteur\/mathias-souteyrat\" title=\"Consulter tous les articles de Mathias Souteyrat\" target=\"_blank\" rel=\"noopener\">Mathias Souteyrat<\/a><br \/>\n                    <\/strong><\/p>\n<p>        Publi\u00e9 le<\/p>\n<p>            8 janv. 2026 \u00e0 8h10<br \/>\n        ; mis \u00e0 jour le 8 janv. 2026 \u00e0 8h17    <\/p>\n<p><strong>Mise \u00e0 jour.<\/strong> Le 8 janvier \u00e0 10 heures. Le v\u00e9hicule accident\u00e9 a \u00e9t\u00e9 d\u00e9gag\u00e9 des voies. Le trafic reprend progressivement entre Lyon \u2013 Saint-Etienne. Des retards r\u00e9siduels peuvent perturber votre trajet.<\/p>\n<p class=\" wall-content\">Gal\u00e8re ce jeudi 8 janvier sur le r\u00e9seau <a href=\"https:\/\/actu.fr\/tag\/sncf\" target=\"_blank\" rel=\"noopener\">SNCF<\/a>. \u00c0 7h25, un v\u00e9hicule a percut\u00e9 un train pr\u00e8s de Givors sur la ligne entre <a href=\"https:\/\/actu.fr\/lyon\/\" target=\"_blank\" rel=\"noopener\">Lyon<\/a> et <a href=\"https:\/\/actu.fr\/saint-etienne\/\" target=\"_blank\" rel=\"noopener\">Saint-Etienne<\/a>. Le trafic est actuellement interrompu.<\/p>\n<p class=\" wall-content\">Un accident a lieu entre un TGV et une voiture sur un passage \u00e0 niveau entre Rive-de-Gier (Loire) et Givors (Rh\u00f4ne).<\/p>\n<p class=\" wall-content\">La reprise du trafic ferroviaire <strong>est estim\u00e9e \u00e0 10\u00a0heures<\/strong>, annonce TER AURA sur son compte X. Les services de secours sont d\u00e9clench\u00e9s ainsi que les services SNCF.<\/p>\n<p>Pas de bless\u00e9<\/p>\n<p class=\" wall-content\">Selon nos informations, il n\u2019y a pas de bless\u00e9 ni dans le train ni dans la voiture. Le conducteur de ce dernier a pu sortir \u00e0 temps.<\/p>\n<p class=\" wall-content\">Mais le train serait endommag\u00e9. Le TGV va \u00eatre remorqu\u00e9 jusqu\u2019\u00e0 Rive-de-Gier o\u00f9 seront pris en charge les voyageurs. Ils sont au nombre de <strong>44 \u00e0 bord.<\/strong><\/p>\n<p class=\" wall-content\">Il n\u2019y a pas de solution de remplacement propos\u00e9e par la route au vu des conditions de circulation routi\u00e8res. Pour le moment.<\/p>\n<p class=\" wall-content\">Personnalisez votre actualit\u00e9 en ajoutant vos villes et m\u00e9dias en favori avec <a href=\"https:\/\/moncompte.actu.fr\" title=\"D\u00e9couvez Mon Actu\" rel=\"nofollow noopener\" data-trk=\"{&quot;cta&quot;:{&quot;action&quot;:&quot;https:\\\/\\\/moncompte.actu.fr&quot;,&quot;category&quot;:&quot;mon compte&quot;,&quot;from&quot;:&quot;article footer&quot;,&quot;name&quot;:&quot;Mon actu&quot;,&quot;type&quot;:&quot;cta&quot;}}\" target=\"_blank\">Mon Actu<\/a>.<\/p>\n","protected":false},"excerpt":{"rendered":"Par Mathias Souteyrat Publi\u00e9 le 8 janv. 2026 \u00e0 8h10 ; mis \u00e0 jour le 8 janv. 2026&hellip;\n","protected":false},"author":2,"featured_media":649030,"comment_status":"","ping_status":"","sticky":false,"template":"","format":"standard","meta":{"footnotes":""},"categories":[9653],"tags":[119,1111,11,2430,1777,674,1011,27,12,25,4001,2215,104,2214],"class_list":{"0":"post-649029","1":"post","2":"type-post","3":"status-publish","4":"format-standard","5":"has-post-thumbnail","7":"category-saint-etienne","8":"tag-accident","9":"tag-actu","10":"tag-actualites","11":"tag-auvergne-rhone-alpes","12":"tag-eu","13":"tag-europe","14":"tag-fr","15":"tag-france","16":"tag-news","17":"tag-republique-francaise","18":"tag-saint-etienne","19":"tag-sncf","20":"tag-societe","21":"tag-tgv"},"share_on_mastodon":{"url":"https:\/\/pubeurope.com\/@fr\/115858719653448739","error":""},"_links":{"self":[{"href":"https:\/\/www.europesays.com\/fr\/wp-json\/wp\/v2\/posts\/649029","targetHints":{"allow":["GET"]}}],"collection":[{"href":"https:\/\/www.europesays.com\/fr\/wp-json\/wp\/v2\/posts"}],"about":[{"href":"https:\/\/www.europesays.com\/fr\/wp-json\/wp\/v2\/types\/post"}],"author":[{"embeddable":true,"href":"https:\/\/www.europesays.com\/fr\/wp-json\/wp\/v2\/users\/2"}],"replies":[{"embeddable":true,"href":"https:\/\/www.europesays.com\/fr\/wp-json\/wp\/v2\/comments?post=649029"}],"version-history":[{"count":0,"href":"https:\/\/www.europesays.com\/fr\/wp-json\/wp\/v2\/posts\/649029\/revisions"}],"wp:featuredmedia":[{"embeddable":true,"href":"https:\/\/www.europesays.com\/fr\/wp-json\/wp\/v2\/media\/649030"}],"wp:attachment":[{"href":"https:\/\/www.europesays.com\/fr\/wp-json\/wp\/v2\/media?parent=649029"}],"wp:term":[{"taxonomy":"category","embeddable":true,"href":"https:\/\/www.europesays.com\/fr\/wp-json\/wp\/v2\/categories?post=649029"},{"taxonomy":"post_tag","embeddable":true,"href":"https:\/\/www.europesays.com\/fr\/wp-json\/wp\/v2\/tags?post=649029"}],"curies":[{"name":"wp","href":"https:\/\/api.w.org\/{rel}","templated":true}]}}