{"id":649031,"date":"2026-01-08T09:15:11","date_gmt":"2026-01-08T09:15:11","guid":{"rendered":"https:\/\/www.europesays.com\/fr\/649031\/"},"modified":"2026-01-08T09:15:11","modified_gmt":"2026-01-08T09:15:11","slug":"le-trafic-ferroviaire-entre-lyon-et-saint-etienne-interrompu","status":"publish","type":"post","link":"https:\/\/www.europesays.com\/fr\/649031\/","title":{"rendered":"le trafic ferroviaire entre Lyon et Saint-Etienne interrompu"},"content":{"rendered":"\n<p style=\"margin: 0cm;\">Ce jeudi 8 janvier, vers 7h30, une voiture a percut\u00e9 un train pr\u00e8s de Givors. Nous n&rsquo;avons pas plus d&rsquo;informations pour le moment sur l&rsquo;accident mais le trafic ferroviaire est actuellement interrompu sur l\u2019axe Lyon &#8211; Saint-Etienne. La reprise est annonc\u00e9e pour 10 heures selon l&rsquo;entreprise ferroviaire publique fran\u00e7ais qui pr\u00e9cise que \u00ab\u00a0les services de secours sont d\u00e9clench\u00e9s ainsi que les services SNCF\u00a0\u00bb<\/p>\n","protected":false},"excerpt":{"rendered":"Ce jeudi 8 janvier, vers 7h30, une voiture a percut\u00e9 un train pr\u00e8s de Givors. Nous n&rsquo;avons pas&hellip;\n","protected":false},"author":2,"featured_media":649032,"comment_status":"","ping_status":"","sticky":false,"template":"","format":"standard","meta":{"footnotes":""},"categories":[9653],"tags":[119,1111,11,2430,1777,674,6017,1011,27,19625,5146,2428,12,25,4001,2215,1097,926],"class_list":{"0":"post-649031","1":"post","2":"type-post","3":"status-publish","4":"format-standard","5":"has-post-thumbnail","7":"category-saint-etienne","8":"tag-accident","9":"tag-actu","10":"tag-actualites","11":"tag-auvergne-rhone-alpes","12":"tag-eu","13":"tag-europe","14":"tag-fait-divers","15":"tag-fr","16":"tag-france","17":"tag-givors","18":"tag-interrompu","19":"tag-lyon","20":"tag-news","21":"tag-republique-francaise","22":"tag-saint-etienne","23":"tag-sncf","24":"tag-trafic","25":"tag-train"},"share_on_mastodon":{"url":"https:\/\/pubeurope.com\/@fr\/115858723493456744","error":""},"_links":{"self":[{"href":"https:\/\/www.europesays.com\/fr\/wp-json\/wp\/v2\/posts\/649031","targetHints":{"allow":["GET"]}}],"collection":[{"href":"https:\/\/www.europesays.com\/fr\/wp-json\/wp\/v2\/posts"}],"about":[{"href":"https:\/\/www.europesays.com\/fr\/wp-json\/wp\/v2\/types\/post"}],"author":[{"embeddable":true,"href":"https:\/\/www.europesays.com\/fr\/wp-json\/wp\/v2\/users\/2"}],"replies":[{"embeddable":true,"href":"https:\/\/www.europesays.com\/fr\/wp-json\/wp\/v2\/comments?post=649031"}],"version-history":[{"count":0,"href":"https:\/\/www.europesays.com\/fr\/wp-json\/wp\/v2\/posts\/649031\/revisions"}],"wp:featuredmedia":[{"embeddable":true,"href":"https:\/\/www.europesays.com\/fr\/wp-json\/wp\/v2\/media\/649032"}],"wp:attachment":[{"href":"https:\/\/www.europesays.com\/fr\/wp-json\/wp\/v2\/media?parent=649031"}],"wp:term":[{"taxonomy":"category","embeddable":true,"href":"https:\/\/www.europesays.com\/fr\/wp-json\/wp\/v2\/categories?post=649031"},{"taxonomy":"post_tag","embeddable":true,"href":"https:\/\/www.europesays.com\/fr\/wp-json\/wp\/v2\/tags?post=649031"}],"curies":[{"name":"wp","href":"https:\/\/api.w.org\/{rel}","templated":true}]}}