{"id":649033,"date":"2026-01-08T09:18:16","date_gmt":"2026-01-08T09:18:16","guid":{"rendered":"https:\/\/www.europesays.com\/fr\/649033\/"},"modified":"2026-01-08T09:18:16","modified_gmt":"2026-01-08T09:18:16","slug":"vandoeuvre-les-nancy-la-satt-sayens-entre-au-capital-de-telendo","status":"publish","type":"post","link":"https:\/\/www.europesays.com\/fr\/649033\/","title":{"rendered":"Vand\u0153uvre-l\u00e8s-Nancy : la SATT Sayens entre au capital de Telendo"},"content":{"rendered":"<p>Pour de l\u2019endoscopie augment\u00e9e ! La medtech Telendo, accompagn\u00e9e par l\u2019Incubateur lorrain, acc\u00e9l\u00e8re avec l\u2019entr\u00e9e annonc\u00e9e de la Soci\u00e9t\u00e9 d\u2019acc\u00e9l\u00e9ration du transfert de technologies (SATT) Sayens \u00e0 son capital. <\/p>\n<p>La SATT Sayens lui a auparavant conc\u00e9d\u00e9 une licence exclusive portant sur une technologie de plateforme num\u00e9rique qui cible une meilleure interpr\u00e9tation et la valorisation des examens endoscopiques. <\/p>\n<p>L\u2019innovation au c\u0153ur de ce transfert est le fruit d\u2019un travail de recherche conjoint men\u00e9 par le Professeur des Universit\u00e9s Christian Daul et le chercheur Dinh-Hoan Trinh au sein du laboratoire Cran (unit\u00e9 mixte de recherche commune \u00e0 l\u2019Universit\u00e9 de Lorraine et au CNRS), Dominique Lamarque Professeur des Universit\u00e9s, praticien hospitalier en gastro-ent\u00e9rologie, et Thomas Bazin, gastro-ent\u00e9rologue \u00e0 l\u2019AP-HP2. <\/p>\n<p>En r\u00e9unissant leurs expertises, ils ont d\u00e9velopp\u00e9 une technologie capable de capturer et structurer automatiquement des flux vid\u00e9o endoscopiques. Un prototype pr\u00e9liminaire a d\u00e9j\u00e0 permis de d\u00e9montrer, en conditions cliniques, la faisabilit\u00e9 d\u2019une reconstruction 2D partielle d\u2019organes creux. <\/p>\n<p>Cette technologie constitue d\u00e9sormais la base d\u2019un d\u00e9veloppement vers une reconstruction num\u00e9rique 2D\/3D compl\u00e8te de l\u2019organe examin\u00e9, ainsi que vers l\u2019int\u00e9gration de fonctionnalit\u00e9s avanc\u00e9es : d\u00e9tection automatis\u00e9e d\u2019\u00e9v\u00e9nements cliniques par IA, standardisation des donn\u00e9es endoscopiques et automatisation de la documentation m\u00e9dicale. <\/p>\n<p><strong>Int\u00e9gr\u00e9e au Deep tech venture builder de l\u2019EIT Health<\/strong><\/p>\n<p>Ces avanc\u00e9es ouvrent la voie \u00e0 une nouvelle g\u00e9n\u00e9ration d\u2019outils num\u00e9riques, plus pr\u00e9cis et plus complets, parfaitement int\u00e9gr\u00e9s \u00e0 la pratique des cliniciens. Elles renforcent la qualit\u00e9 du diagnostic et optimisent la prise de d\u00e9cision m\u00e9dicale. L\u2019accord entre la SATT Sayens et Telendo marque donc une impulsion d\u00e9cisive pour propulser sur le march\u00e9 une innovation \u00e0 fort potentiel.<\/p>\n<p>\u00abTelendo est une start-up innovante prometteuse, fond\u00e9e sur un socle scientifique et technologique solide et reconnu, port\u00e9 par les \u00e9quipes de l\u2019Universit\u00e9 de Lorraine et du CNRS au sein du laboratoire Cran autour du professeur Christian Daul. En participant \u00e0 son capital, nous affirmons notre confiance dans sa vision et ses ambitions. Ce partenariat permettra de soutenir son d\u00e9veloppement, d\u2019acc\u00e9l\u00e9rer son industrialisation et de stimuler sa croissance commerciale\u00bb, assure Romain Liege, pr\u00e9sident de la SATT Sayens. <\/p>\n<p>\u00abL\u2019endoscopie, quel que soit l\u2019organe creux vis\u00e9 (estomac, colon, \u0153sophage, vessie, rein ou uret\u00e8res), est un examen incontournable mais difficile. Le traitement des images et l\u2019IA sont des outils qui permettent de faciliter grandement le diagnostic des l\u00e9sions, le suivi des patients, la documentation des examens, et la communication entre m\u00e9decins de diff\u00e9rentes sp\u00e9cialit\u00e9s. Les objectifs de Telendo se situent dans une niche scientifique et applicative offrant des avantages in\u00e9dits au spectre large au niveau soci\u00e9tal : soins plus personnalis\u00e9s pour les patients, nouveaux outils de visualisation pour les endoscopistes, prise en charge moins co\u00fbteuse pour les h\u00f4pitaux (moins d\u2019hospitalisations pour des traitement lourds \u00e0 l\u2019aide d\u2019un diagnostic plus pr\u00e9coce et efficace), moins de traitements lourds \u00e0 prendre en charge par le syst\u00e8me de sant\u00e9\u00bb, explique Christian Daul, professeur des universit\u00e9s, cofondateur et conseiller scientifique de la start-up.<\/p>\n<p>En mai dernier, Telendo a \u00e9t\u00e9 s\u00e9lectionn\u00e9e parmi 17 start-up deeptech europ\u00e9ennes pour int\u00e9grer le programme d\u2019acc\u00e9l\u00e9ration Deep tech venture builder de l\u2019EIT Health. Elle est \u00e9galement laur\u00e9ate du concours d\u2019innovation i-lab 2025. Du lourd ! <\/p>\n","protected":false},"excerpt":{"rendered":"Pour de l\u2019endoscopie augment\u00e9e ! La medtech Telendo, accompagn\u00e9e par l\u2019Incubateur lorrain, acc\u00e9l\u00e8re avec l\u2019entr\u00e9e annonc\u00e9e de la&hellip;\n","protected":false},"author":2,"featured_media":649034,"comment_status":"","ping_status":"","sticky":false,"template":"","format":"standard","meta":{"footnotes":""},"categories":[9635],"tags":[1111,11,1777,674,1011,27,775,1702,12,25],"class_list":{"0":"post-649033","1":"post","2":"type-post","3":"status-publish","4":"format-standard","5":"has-post-thumbnail","7":"category-nancy","8":"tag-actu","9":"tag-actualites","10":"tag-eu","11":"tag-europe","12":"tag-fr","13":"tag-france","14":"tag-grand-est","15":"tag-nancy","16":"tag-news","17":"tag-republique-francaise"},"share_on_mastodon":{"url":"https:\/\/pubeurope.com\/@fr\/115858735396124962","error":""},"_links":{"self":[{"href":"https:\/\/www.europesays.com\/fr\/wp-json\/wp\/v2\/posts\/649033","targetHints":{"allow":["GET"]}}],"collection":[{"href":"https:\/\/www.europesays.com\/fr\/wp-json\/wp\/v2\/posts"}],"about":[{"href":"https:\/\/www.europesays.com\/fr\/wp-json\/wp\/v2\/types\/post"}],"author":[{"embeddable":true,"href":"https:\/\/www.europesays.com\/fr\/wp-json\/wp\/v2\/users\/2"}],"replies":[{"embeddable":true,"href":"https:\/\/www.europesays.com\/fr\/wp-json\/wp\/v2\/comments?post=649033"}],"version-history":[{"count":0,"href":"https:\/\/www.europesays.com\/fr\/wp-json\/wp\/v2\/posts\/649033\/revisions"}],"wp:featuredmedia":[{"embeddable":true,"href":"https:\/\/www.europesays.com\/fr\/wp-json\/wp\/v2\/media\/649034"}],"wp:attachment":[{"href":"https:\/\/www.europesays.com\/fr\/wp-json\/wp\/v2\/media?parent=649033"}],"wp:term":[{"taxonomy":"category","embeddable":true,"href":"https:\/\/www.europesays.com\/fr\/wp-json\/wp\/v2\/categories?post=649033"},{"taxonomy":"post_tag","embeddable":true,"href":"https:\/\/www.europesays.com\/fr\/wp-json\/wp\/v2\/tags?post=649033"}],"curies":[{"name":"wp","href":"https:\/\/api.w.org\/{rel}","templated":true}]}}