{"id":649035,"date":"2026-01-08T09:19:10","date_gmt":"2026-01-08T09:19:10","guid":{"rendered":"https:\/\/www.europesays.com\/fr\/649035\/"},"modified":"2026-01-08T09:19:10","modified_gmt":"2026-01-08T09:19:10","slug":"le-pradet-celebre-la-force-des-femmes","status":"publish","type":"post","link":"https:\/\/www.europesays.com\/fr\/649035\/","title":{"rendered":"Le Pradet c\u00e9l\u00e8bre la force des femmes"},"content":{"rendered":"<p>                    <img loading=\"lazy\" decoding=\"async\" src=\"https:\/\/www.europesays.com\/fr\/wp-content\/uploads\/2026\/01\/209350837b04f32b3a7a35cf0fb5ac.jpg\" class=\"img-responsive post-image\" width=\"680\" height=\"510\" alt=\"Le Pradet c\u00e9l\u00e8bre la (\u2026)\" title=\"Le Pradet c\u00e9l\u00e8bre la force des femmes\"\/><\/p>\n<p class=\"chapo\">Fin novembre, l\u2019Espace des Arts a accueilli le forum solidaire \u00ab\u00a0C\u00e9l\u00e9brons la Femme\u00a0: Bien-\u00eatre et Engagement\u00a0\u00bb, organis\u00e9 par la Ville et le CCAS.<\/p>\n<p>Une journ\u00e9e pens\u00e9e comme un temps de respiration et de soutien autour de sujets essentiels\u00a0: bien-\u00eatre, sant\u00e9 mentale, affirmation de soi et pr\u00e9vention des violences faites aux femmes.<br class=\"texte\"\/><br \/>\nD\u00e8s l\u2019ouverture, le public \u00e9taient nombreux pour d\u00e9couvrir les ateliers, les conf\u00e9rences et les stands d\u2019information.<br class=\"autobr\"\/><br \/>\n\u00ab\u00a0 Nous avons souhait\u00e9 cr\u00e9er un lieu bienveillant o\u00f9 chaque femme puisse se sentir entendue, accompagn\u00e9e et valoris\u00e9e\u00a0\u00bb, expliquait l\u2019une des organisatrices.<br class=\"autobr\"\/><br \/>\nTout au long de la journ\u00e9e, massages, soins \u00e9nerg\u00e9tiques, relooking, shooting photo ou ateliers d\u2019expression corporelle ont permis aux participantes de prendre soin d\u2019elles. En m\u00eame temps, elles soutenaient une cause essentielle :puisque l\u2019int\u00e9gralit\u00e9 des fonds collect\u00e9s par les prestations bien-\u00eatre a \u00e9t\u00e9 revers\u00e9e \u00e0 l\u2019association AFL Transition engag\u00e9e contre les violences conjugales.<\/p>\n<p>SE RECONNECTER \u00c0 SOI<\/p>\n<p>Trois ateliers d\u2019initiation, d\u00e9di\u00e9s au corps et \u00e0 l\u2019apaisement, \u00e9taient propos\u00e9s. Ainsi, l\u2019association Djai Muay Tha\u00ef a ouvert la matin\u00e9e avec une initiation au self-d\u00e9fense, tr\u00e8s appr\u00e9ci\u00e9e pour son approche accessible et valorisante.<br class=\"autobr\"\/><br \/>\nElle a \u00e9t\u00e9 suivie d\u2019un atelier de yoga anim\u00e9 par Marjorie Tournour, puis d\u2019une s\u00e9ance de m\u00e9ditation guid\u00e9e par Virginie Galfr\u00e9 qui a offert un moment de recentrage et de douceur.<br class=\"autobr\"\/><br \/>\nL\u2019apr\u00e8s-midi a laiss\u00e9 une large place \u00e0 la r\u00e9flexion et aux \u00e9changes.<br class=\"autobr\"\/><br \/>\nAinsi encore, la coach Sybille Dubost et la conf\u00e9renci\u00e8re Virginie Peyr\u00e9 ont abord\u00e9 le th\u00e8me de l\u2019emprise et des relations toxiques, un sujet qui a suscit\u00e9 de nombreuses questions du public. Leur intervention, \u00e0 la fois document\u00e9e et sensible, a permis de mieux comprendre les m\u00e9canismes d\u2019isolement et les impacts psychologiques.<br class=\"autobr\"\/><br \/>\nLa seconde conf\u00e9rence, anim\u00e9e par Pierrette Du Barry et Nathalie Fontan, portait sur l\u2019affirmation de soi et la capacit\u00e9 \u00e0 dire non. Les deux intervenantes ont livr\u00e9 des cl\u00e9s concr\u00e8tes pour accompagner la reconstruction, renforcer la confiance en soi et se lib\u00e9rer des sch\u00e9mas limitants.<br class=\"autobr\"\/><br \/>\nLa journ\u00e9e s\u2019est cl\u00f4tur\u00e9e par un spectacle m\u00ealant chant et danse, imagin\u00e9 et dirig\u00e9 par Laura Colin, directrice du Studio des Arts du Pradet. Sur la th\u00e9matique de \u00ab\u00a0L\u2019amour toxique et la femme\u00a0\u00bb, la chorale et la troupe de danse ont livr\u00e9 une performance poignante, salu\u00e9e par de longs applaudissements.<br class=\"autobr\"\/><br \/>\nEn r\u00e9unissant ateliers, paroles d\u2019expertes, ressources locales et cr\u00e9ation artistique, le forum \u00ab\u00a0C\u00e9l\u00e9brons la Femme\u00a0\u00bb a rappel\u00e9 l\u2019importance de soutenir, d\u2019informer et de mettre en lumi\u00e8re les femmes dans toute leur diversit\u00e9 et leur force.<\/p>\n<p>Photo de Une \u00a9PRESSE AGENCE<\/p>\n","protected":false},"excerpt":{"rendered":"Fin novembre, l\u2019Espace des Arts a accueilli le forum solidaire \u00ab\u00a0C\u00e9l\u00e9brons la Femme\u00a0: Bien-\u00eatre et Engagement\u00a0\u00bb, organis\u00e9 par&hellip;\n","protected":false},"author":2,"featured_media":649036,"comment_status":"","ping_status":"","sticky":false,"template":"","format":"standard","meta":{"footnotes":""},"categories":[9619],"tags":[1111,11,2408,1777,674,1011,27,12,882,25,2310],"class_list":{"0":"post-649035","1":"post","2":"type-post","3":"status-publish","4":"format-standard","5":"has-post-thumbnail","7":"category-toulon","8":"tag-actu","9":"tag-actualites","10":"tag-appels-d","11":"tag-eu","12":"tag-europe","13":"tag-fr","14":"tag-france","15":"tag-news","16":"tag-provence-alpes-cote-dazur","17":"tag-republique-francaise","18":"tag-toulon"},"share_on_mastodon":{"url":"https:\/\/pubeurope.com\/@fr\/115858739295249679","error":""},"_links":{"self":[{"href":"https:\/\/www.europesays.com\/fr\/wp-json\/wp\/v2\/posts\/649035","targetHints":{"allow":["GET"]}}],"collection":[{"href":"https:\/\/www.europesays.com\/fr\/wp-json\/wp\/v2\/posts"}],"about":[{"href":"https:\/\/www.europesays.com\/fr\/wp-json\/wp\/v2\/types\/post"}],"author":[{"embeddable":true,"href":"https:\/\/www.europesays.com\/fr\/wp-json\/wp\/v2\/users\/2"}],"replies":[{"embeddable":true,"href":"https:\/\/www.europesays.com\/fr\/wp-json\/wp\/v2\/comments?post=649035"}],"version-history":[{"count":0,"href":"https:\/\/www.europesays.com\/fr\/wp-json\/wp\/v2\/posts\/649035\/revisions"}],"wp:featuredmedia":[{"embeddable":true,"href":"https:\/\/www.europesays.com\/fr\/wp-json\/wp\/v2\/media\/649036"}],"wp:attachment":[{"href":"https:\/\/www.europesays.com\/fr\/wp-json\/wp\/v2\/media?parent=649035"}],"wp:term":[{"taxonomy":"category","embeddable":true,"href":"https:\/\/www.europesays.com\/fr\/wp-json\/wp\/v2\/categories?post=649035"},{"taxonomy":"post_tag","embeddable":true,"href":"https:\/\/www.europesays.com\/fr\/wp-json\/wp\/v2\/tags?post=649035"}],"curies":[{"name":"wp","href":"https:\/\/api.w.org\/{rel}","templated":true}]}}