{"id":649041,"date":"2026-01-08T09:23:09","date_gmt":"2026-01-08T09:23:09","guid":{"rendered":"https:\/\/www.europesays.com\/fr\/649041\/"},"modified":"2026-01-08T09:23:09","modified_gmt":"2026-01-08T09:23:09","slug":"comment-le-havre-et-rouen-se-preparent-au-gros-coup-de-vent","status":"publish","type":"post","link":"https:\/\/www.europesays.com\/fr\/649041\/","title":{"rendered":"comment Le Havre et Rouen se pr\u00e9parent au gros coup de vent"},"content":{"rendered":"<p>                    Par<br \/>\n        <strong><br \/>\n            <a href=\"https:\/\/actu.fr\/auteur\/fmass\" title=\"Consulter tous les articles de Fabien Massin\" target=\"_blank\" rel=\"noopener\">Fabien Massin<\/a><br \/>\n                    <\/strong><\/p>\n<p>        Publi\u00e9 le<\/p>\n<p>            8 janv. 2026 \u00e0 8h14        <\/p>\n<p>Apr\u00e8s la neige, le verglas, vous reprendrez bien une petite temp\u00eate ? Avec l\u2019arriv\u00e9e de la <a href=\"https:\/\/actu.fr\/meteo\/tempete-goretti-meteo-france-active-la-vigilance-orange-vent-violent-pour-jeudi-la-moitie-du-pays-en-jaune_63664443.html\" target=\"_blank\" rel=\"noopener\">temp\u00eate Goretti<\/a> en France \u00e0 partir de jeudi 8 janvier 2026, \u00e7a va d\u00e9coiffer \u00e0 <a href=\"https:\/\/actu.fr\/normandie\/rouen_76540\" target=\"_blank\" rel=\"noopener\">Rouen<\/a> et au <a href=\"https:\/\/actu.fr\/normandie\/le-havre_76351\" target=\"_blank\" rel=\"noopener\">Havre<\/a> comme dans toute la <a href=\"https:\/\/actu.fr\/normandie\/seine-maritime_76\" target=\"_blank\" rel=\"noopener\">Seine-Maritime<\/a>. Mais prudence !<\/p>\n<p class=\" wall-content\"><a href=\"https:\/\/actu.fr\/tag\/meteo-france\" target=\"_blank\" rel=\"noopener\"> M\u00e9t\u00e9o France<\/a> a ainsi plac\u00e9 le d\u00e9partement vigilance jaune vent violent jeudi 8 janvier de 18h \u00e0 22h puis en<strong> vigilance orange vent violent \u00e0 partir de 22h<\/strong>. Des rafales allant jusqu\u2019\u00e0 140 km\/h sont attendues. En cons\u00e9quence, des mesures de pr\u00e9caution sont prises dans diff\u00e9rents domaines.<\/p>\n<p class=\" wall-content\">Le littoral seinomarin de Saint-Val\u00e9ry-en-Caux \u00e0 Veules-les-Roses est lui plac\u00e9 en <strong>vigilance oranges vagues submersion<\/strong> de minuit \u00e0 7h vendredi.<\/p>\n<p class=\" wall-content\">M\u00e9t\u00e9o France pr\u00e9vient que la Seine-Maritime pourrait conna\u00eetre \u00ab\u00a0une aggravation du niveau de vigilance\u00a0\u00bb.<\/p>\n<p>La digue nord ferm\u00e9e au Havre<\/p>\n<p class=\" wall-content\">La Ville du Havre a pris un arr\u00eat\u00e9 pour interdire temporairement l\u2019acc\u00e8s et le stationnement sur la digue Nord. L\u2019acc\u00e8s \u00e0 la digue Nord sera ferm\u00e9<strong> \u00e0 partir de ce jeudi<\/strong> et \u00ab\u00a0jusqu\u2019\u00e0 ce que les conditions m\u00e9t\u00e9orologiques et l\u2019\u00e9tat du cheminement pi\u00e9ton soient compatibles avec sa r\u00e9ouverture\u00a0\u00bb, pr\u00e9cise la collectivit\u00e9.\u00a0<\/p>\n<p>Des parcs ferm\u00e9s \u00e0 Rouen<\/p>\n<p class=\" wall-content\">\u00ab\u00a0Le poids de la neige fragilise les branches des arbres, augmentant le risque de chute, particuli\u00e8rement accentu\u00e9 par les rafales de vent\u00a0\u00bb, souligne la Ville de Rouen.\u00a0<br \/>Afin de pr\u00e9venir tout accident, plusieurs sites seront ainsi ferm\u00e9s au public :<\/p>\n<p>Vid\u00e9os : en ce moment sur Actu<\/p>\n<p class=\" wall-content\">\u2022 Jardin des plantes<br \/>\u2022 Square Halbout<br \/>\u2022 Jardin Saint-Sever<br \/>\u2022 Square Guillaume-Lion<br \/>\u2022 Parc Achille-Lefort<\/p>\n<p>Des trains \u00e0 l\u2019arr\u00eat<\/p>\n<p class=\" wall-content\">Jeudi 8 janvier \u00e0 partir de 22h,<strong> il n\u2019y aura plus aucune circulation de trains dans l\u2019ensemble de la Normandie<\/strong>, prenez donc vos dispositions en amont ! D\u2019autant que la SNCF pr\u00e9voit \u00ab\u00a0une reprise tr\u00e8s progressive des circulations dans l\u2019apr\u00e8s-midi\u00a0\u00bb de vendredi.\u00a0<\/p>\n<p>Votre r\u00e9gion, votre actu !<\/p>\n<p>Recevez chaque jour les infos qui comptent pour vous.<\/p>\n<p>\t<a href=\"https:\/\/actu.fr\/newsletter\" class=\"ac-btn ac-btn--corner ac-btn--medium ac-btn--blue800\" target=\"_blank\" rel=\"noopener\">S&rsquo;incrire<\/a><\/p>\n<p class=\" wall-content\">\n<p class=\" wall-content\">\n<p>Les pr\u00e9conisations de la pr\u00e9fecture maritime sur le littoral<\/p>\n<p>Avant chaque sortie sur la plage ou le long de la mer, il est fortement recommand\u00e9 par la pr\u00e9fecture maritime de la Manche et de mer du Nord :<br \/>&#8211; De consulter la m\u00e9t\u00e9o, les coefficients et les horaires de mar\u00e9e, et si n\u00e9cessaire de se faire expliquer ce que cela implique concr\u00e8tement ;<br \/>&#8211; De ne pas sortir seul et d&rsquo;informer ses proches de ses intentions au pr\u00e9alable (lieu, heure de d\u00e9part et si possible de retour) ;<br \/>&#8211; De disposer d&rsquo;un moyen de communication pour alerter les secours en mer (t\u00e9l\u00e9phone portable charg\u00e9 et plac\u00e9 dans une poche \u00e9tanche pour joindre le 196, ou via le canal 16 sur VHF) ;<br \/>&#8211; De rester \u00e0 proximit\u00e9 d&rsquo;un point de repli et de conserver un point de rep\u00e8re visuel sur le littoral (en montant, la mar\u00e9e peut modifier consid\u00e9rablement la perception de l&rsquo;environnement).<br \/>&#8211; De privil\u00e9gier les plages et secteurs du littoral sous surveillance d\u2019un poste de plage et de respecter les r\u00e9glementations d\u2019interdiction d\u2019activit\u00e9s de baignade, nautique ou de plaisance.<\/p>\n<p>Suivez l\u2019actualit\u00e9 de Rouen sur notre <a href=\"https:\/\/www.whatsapp.com\/channel\/0029VaKfnf99hXF2ddApFB1D\" target=\"_blank\" rel=\"noopener\">cha\u00eene WhatsApp<\/a> et sur notre <a href=\"https:\/\/www.tiktok.com\/@76actu.fr?lang=fr\" target=\"_blank\" rel=\"noopener\">compte TikTok<\/a>Suivez l\u2019actualit\u00e9 du Havre sur notre <a href=\"https:\/\/www.whatsapp.com\/channel\/0029VaFqJYE8aKvLBwVrEe0o\" target=\"_blank\" rel=\"noopener\">cha\u00eene WhatsApp<\/a> et sur notre<a href=\"https:\/\/www.tiktok.com\/@76actu.fr?lang=fr\" target=\"_blank\" rel=\"noopener\"> compte TikTok<\/a><\/p>\n<p class=\" wall-content\">Personnalisez votre actualit\u00e9 en ajoutant vos villes et m\u00e9dias en favori avec <a href=\"https:\/\/moncompte.actu.fr\" title=\"D\u00e9couvez Mon Actu\" rel=\"nofollow noopener\" data-trk=\"{&quot;cta&quot;:{&quot;action&quot;:&quot;https:\\\/\\\/moncompte.actu.fr&quot;,&quot;category&quot;:&quot;mon compte&quot;,&quot;from&quot;:&quot;article footer&quot;,&quot;name&quot;:&quot;Mon actu&quot;,&quot;type&quot;:&quot;cta&quot;}}\" target=\"_blank\">Mon Actu<\/a>.<\/p>\n<p>                    <script async src=\"\/\/www.tiktok.com\/embed.js\"><\/script><\/p>\n","protected":false},"excerpt":{"rendered":"Par Fabien Massin Publi\u00e9 le 8 janv. 2026 \u00e0 8h14 Apr\u00e8s la neige, le verglas, vous reprendrez bien&hellip;\n","protected":false},"author":2,"featured_media":649042,"comment_status":"","ping_status":"","sticky":false,"template":"","format":"standard","meta":{"footnotes":""},"categories":[9587],"tags":[1111,11,1777,674,1011,27,2487,2357,12,5161,25,9590,75296],"class_list":{"0":"post-649041","1":"post","2":"type-post","3":"status-publish","4":"format-standard","5":"has-post-thumbnail","7":"category-rouen","8":"tag-actu","9":"tag-actualites","10":"tag-eu","11":"tag-europe","12":"tag-fr","13":"tag-france","14":"tag-meteo","15":"tag-meteo-france","16":"tag-news","17":"tag-normandie","18":"tag-republique-francaise","19":"tag-rouen","20":"tag-tempete-goretti"},"share_on_mastodon":{"url":"https:\/\/pubeurope.com\/@fr\/115858754890915563","error":""},"_links":{"self":[{"href":"https:\/\/www.europesays.com\/fr\/wp-json\/wp\/v2\/posts\/649041","targetHints":{"allow":["GET"]}}],"collection":[{"href":"https:\/\/www.europesays.com\/fr\/wp-json\/wp\/v2\/posts"}],"about":[{"href":"https:\/\/www.europesays.com\/fr\/wp-json\/wp\/v2\/types\/post"}],"author":[{"embeddable":true,"href":"https:\/\/www.europesays.com\/fr\/wp-json\/wp\/v2\/users\/2"}],"replies":[{"embeddable":true,"href":"https:\/\/www.europesays.com\/fr\/wp-json\/wp\/v2\/comments?post=649041"}],"version-history":[{"count":0,"href":"https:\/\/www.europesays.com\/fr\/wp-json\/wp\/v2\/posts\/649041\/revisions"}],"wp:featuredmedia":[{"embeddable":true,"href":"https:\/\/www.europesays.com\/fr\/wp-json\/wp\/v2\/media\/649042"}],"wp:attachment":[{"href":"https:\/\/www.europesays.com\/fr\/wp-json\/wp\/v2\/media?parent=649041"}],"wp:term":[{"taxonomy":"category","embeddable":true,"href":"https:\/\/www.europesays.com\/fr\/wp-json\/wp\/v2\/categories?post=649041"},{"taxonomy":"post_tag","embeddable":true,"href":"https:\/\/www.europesays.com\/fr\/wp-json\/wp\/v2\/tags?post=649041"}],"curies":[{"name":"wp","href":"https:\/\/api.w.org\/{rel}","templated":true}]}}