{"id":649046,"date":"2026-01-08T09:29:09","date_gmt":"2026-01-08T09:29:09","guid":{"rendered":"https:\/\/www.europesays.com\/fr\/649046\/"},"modified":"2026-01-08T09:29:09","modified_gmt":"2026-01-08T09:29:09","slug":"a-rennes-face-a-la-forte-vigilance-vents-violents-la-ville-prend-une-mesure-exceptionnelle","status":"publish","type":"post","link":"https:\/\/www.europesays.com\/fr\/649046\/","title":{"rendered":"\u00e0 Rennes, face \u00e0 la forte vigilance vents violents, la Ville prend une mesure exceptionnelle"},"content":{"rendered":"<p>                    Par<br \/>\n        <strong><br \/>\n            <a href=\"https:\/\/actu.fr\/auteur\/brian-legoff\" title=\"Consulter tous les articles de Brian Le Goff\" target=\"_blank\" rel=\"noopener\">Brian Le Goff<\/a><br \/>\n                    <\/strong><\/p>\n<p>        Publi\u00e9 le<\/p>\n<p>            8 janv. 2026 \u00e0 8h50        <\/p>\n<p><strong>L\u2019Ille-et-Vilaine est plac\u00e9e en vigilance jaune<\/strong> vents violents d\u00e8s 14h, jeudi 8\u00a0janvier 2026, <strong>avant de basculer en orange<\/strong> \u00e0 18h et pour le reste de la journ\u00e9e. Cette situation s\u2019explique par le <a href=\"https:\/\/actu.fr\/bretagne\/saint-malo_35288\/tempete-goretti-meteo-france-place-la-bretagne-en-vigilance-orange_63667631.html\" target=\"_blank\" rel=\"noopener\">passage de la temp\u00eate Goretti sur la Bretagne<\/a>. <strong>Dans la capitale bretonne, des rafales de 80 \u00e0 100\u00a0km\/h<\/strong> sont attendues entre jeudi apr\u00e8s-midi et jusqu\u2019au milieu de la nuit.<\/p>\n<p class=\" wall-content\">En raison de ces conditions m\u00e9t\u00e9o d\u00e9favorables et des <strong>risques possibles de chutes d\u2019arbres ou de branches,<\/strong> la <strong>Ville<\/strong> de Rennes a <strong>d\u00e9cid\u00e9 de fermer les parcs<\/strong> du Thabor, Saint-Georges, Oberth\u00fcr, Maurepas d\u00e8s cet apr\u00e8s-midi.<\/p>\n<p>    <a href=\"https:\/\/www.facebook.com\/plugins\/post.php?href=https%3A%2F%2Fwww.facebook.com%2Fmetropole.rennes%2Fposts%2Fpfbid07p47XXohtxenFCyMNFnwDX3i8t1bURSdDHnjsc2bPv6MYKAm7LbLNDr2wwKh4io7l&amp;show_text=true&amp;width=350\" title=\"Ouvrie le lien\" target=\"_blank\" rel=\"noopener\">Cliquez ici pour visualiser le contenu<\/a><\/p>\n<p class=\" wall-content\">La <strong>m\u00eame mesure<\/strong> exceptionnelle est prise <strong>pour tous les cimeti\u00e8res<\/strong> \u00e0 Rennes.<\/p>\n<p class=\" wall-content\">Si la municipalit\u00e9 ne nomme pas<strong> les autres parcs de la ville,<\/strong> c\u2019est parce qu\u2019ils ne peuvent pas \u00eatre ferm\u00e9s, mais la <strong>mairie recommande de ne pas les fr\u00e9quenter<\/strong>.<\/p>\n<p>Rappel des consignes de s\u00e9curit\u00e9<\/p>\n<p class=\" wall-content\">En m\u00eame temps que l\u2019annonce de la fermeture de ces lieux, la Ville de Rennes invite \u00e0 la plus grande prudence et rappelle ces consignes de s\u00e9curit\u00e9\u2009:<\/p>\n<p>Votre r\u00e9gion, votre actu !<\/p>\n<p>Recevez chaque jour les infos qui comptent pour vous.<\/p>\n<p>\t<a href=\"https:\/\/actu.fr\/newsletter\" class=\"ac-btn ac-btn--corner ac-btn--medium ac-btn--blue800\" target=\"_blank\" rel=\"noopener\">S&rsquo;incrire<\/a><\/p>\n<ul class=\" wall-content\">\n<li><strong>mettez \u00e0 l\u2019abri tout mat\u00e9riel ou objet<\/strong> pouvant \u00eatre emport\u00e9 par le vent et veillez \u00e0 rentrer provisoirement les bacs \u00e0 d\u00e9chets\u2009;<\/li>\n<li><strong>fermez les portes, fen\u00eatres et volets\u2009;<\/strong><\/li>\n<li><strong>limiter au maximum les d\u00e9placements<\/strong> et adaptez la vitesse de votre v\u00e9hicule si vous devez vous d\u00e9placer\u2009;<\/li>\n<li>si vous \u00eates \u00e0 l\u2019ext\u00e9rieur, <strong>\u00e9vitez de circuler \u00e0 proximit\u00e9 des arbres<\/strong> et en particulier dans les espaces bois\u00e9s\u2009;<\/li>\n<li>ne vous approchez pas des c\u00e2bles tomb\u00e9s \u00e0 terre\u2009;<\/li>\n<\/ul>\n<ul class=\" wall-content\">\n<li><strong>en cas d\u2019urgence ou de danger, contactez les pompiers<\/strong> au 18 ou au 112 depuis un t\u00e9l\u00e9phone portable.<\/li>\n<\/ul>\n<p class=\" wall-content\">Personnalisez votre actualit\u00e9 en ajoutant vos villes et m\u00e9dias en favori avec <a href=\"https:\/\/moncompte.actu.fr\" title=\"D\u00e9couvez Mon Actu\" rel=\"nofollow noopener\" data-trk=\"{&quot;cta&quot;:{&quot;action&quot;:&quot;https:\\\/\\\/moncompte.actu.fr&quot;,&quot;category&quot;:&quot;mon compte&quot;,&quot;from&quot;:&quot;article footer&quot;,&quot;name&quot;:&quot;Mon actu&quot;,&quot;type&quot;:&quot;cta&quot;}}\" target=\"_blank\">Mon Actu<\/a>.<\/p>\n","protected":false},"excerpt":{"rendered":"Par Brian Le Goff Publi\u00e9 le 8 janv. 2026 \u00e0 8h50 L\u2019Ille-et-Vilaine est plac\u00e9e en vigilance jaune vents&hellip;\n","protected":false},"author":2,"featured_media":649047,"comment_status":"","ping_status":"","sticky":false,"template":"","format":"standard","meta":{"footnotes":""},"categories":[2821],"tags":[1111,11,829,1777,674,1011,27,2487,12,584,25,75296],"class_list":{"0":"post-649046","1":"post","2":"type-post","3":"status-publish","4":"format-standard","5":"has-post-thumbnail","7":"category-rennes","8":"tag-actu","9":"tag-actualites","10":"tag-bretagne","11":"tag-eu","12":"tag-europe","13":"tag-fr","14":"tag-france","15":"tag-meteo","16":"tag-news","17":"tag-rennes","18":"tag-republique-francaise","19":"tag-tempete-goretti"},"share_on_mastodon":{"url":"https:\/\/pubeurope.com\/@fr\/115858778625236124","error":""},"_links":{"self":[{"href":"https:\/\/www.europesays.com\/fr\/wp-json\/wp\/v2\/posts\/649046","targetHints":{"allow":["GET"]}}],"collection":[{"href":"https:\/\/www.europesays.com\/fr\/wp-json\/wp\/v2\/posts"}],"about":[{"href":"https:\/\/www.europesays.com\/fr\/wp-json\/wp\/v2\/types\/post"}],"author":[{"embeddable":true,"href":"https:\/\/www.europesays.com\/fr\/wp-json\/wp\/v2\/users\/2"}],"replies":[{"embeddable":true,"href":"https:\/\/www.europesays.com\/fr\/wp-json\/wp\/v2\/comments?post=649046"}],"version-history":[{"count":0,"href":"https:\/\/www.europesays.com\/fr\/wp-json\/wp\/v2\/posts\/649046\/revisions"}],"wp:featuredmedia":[{"embeddable":true,"href":"https:\/\/www.europesays.com\/fr\/wp-json\/wp\/v2\/media\/649047"}],"wp:attachment":[{"href":"https:\/\/www.europesays.com\/fr\/wp-json\/wp\/v2\/media?parent=649046"}],"wp:term":[{"taxonomy":"category","embeddable":true,"href":"https:\/\/www.europesays.com\/fr\/wp-json\/wp\/v2\/categories?post=649046"},{"taxonomy":"post_tag","embeddable":true,"href":"https:\/\/www.europesays.com\/fr\/wp-json\/wp\/v2\/tags?post=649046"}],"curies":[{"name":"wp","href":"https:\/\/api.w.org\/{rel}","templated":true}]}}