{"id":649048,"date":"2026-01-08T09:30:09","date_gmt":"2026-01-08T09:30:09","guid":{"rendered":"https:\/\/www.europesays.com\/fr\/649048\/"},"modified":"2026-01-08T09:30:09","modified_gmt":"2026-01-08T09:30:09","slug":"volotea-annonce-le-lancement-dune-nouvelle-ligne-depuis-strasbourg-et-concurrence-le-train","status":"publish","type":"post","link":"https:\/\/www.europesays.com\/fr\/649048\/","title":{"rendered":"Volotea annonce le lancement d&rsquo;une nouvelle ligne depuis Strasbourg et concurrence le train"},"content":{"rendered":"<p>                    Par<br \/>\n        <strong><br \/>\n            <a href=\"https:\/\/actu.fr\/auteur\/thomas-blanc\" title=\"Consulter tous les articles de Thomas Blanc\" target=\"_blank\" rel=\"noopener\">Thomas Blanc<\/a><br \/>\n                    <\/strong><\/p>\n<p>        Publi\u00e9 le<\/p>\n<p>            8 janv. 2026 \u00e0 7h02        <\/p>\n<p>Actuellement, <a href=\"https:\/\/actu.fr\/auvergne-rhone-alpes\/colombier-saugnieu_69299\/alerte-a-la-bombe-sur-un-vol-francfort-lyon-urgence-dans-l-avion-ce-qu-il-s-est-passe_62907623.html\" target=\"_blank\" rel=\"noopener\">Francfort<\/a> est la seule ville d\u2019Allemagne o\u00f9 il est possible de se rendre depuis <a href=\"https:\/\/actu.fr\/strasbourg\/\" target=\"_blank\" rel=\"noopener\">Strasbourg<\/a> en avion. Mais d\u00e8s <strong>le 9\u00a0avril prochain<\/strong>, ce ne sera plus le cas. En effet, <a href=\"https:\/\/actu.fr\/grand-est\/strasbourg_67482\/volotea-annonce-une-nouvelle-liaison-au-depart-de-strasbourg-des-novembre-2025_63176838.html\" target=\"_blank\" rel=\"noopener\">Volotea<\/a>, la <strong>compagnie low cost<\/strong> qui r\u00e8gne en ma\u00eetre sur l\u2019<a href=\"https:\/\/actu.fr\/grand-est\/strasbourg_67482\/aeroport-de-strasbourg-cette-compagnie-avec-de-petits-avions-va-desservir-une-nouvelle-ville_63550039.html\" target=\"_blank\" rel=\"noopener\">a\u00e9roport de Strasbourg<\/a>-Entzheim, <strong>ouvrira une nouvelle ligne<\/strong> vers ce pays.<\/p>\n<p>Volotea ouvre une ligne vers Munich d\u00e8s avril\u00a02026<\/p>\n<p class=\" wall-content\">Avec <strong>deux vols par semaine<\/strong>, Volotea permettra de rejoindre<strong> Munich depuis l\u2019Alsace<\/strong> dans le cadre d\u2019un contrat de d\u00e9l\u00e9gation de service public. Le prix plancher est de <strong>49\u00a0euros<\/strong>.<\/p>\n<p class=\" wall-content\">\u00c0 noter que <strong>le train permet \u00e9galement de gagner Munich<\/strong> depuis Strasbourg. <strong>Une liaison directe est op\u00e9r\u00e9e tous les jours<\/strong>, d\u00e9part 17h46 de Strasbourg.<\/p>\n<p>84 trajets hebdomadaires en train permettent aussi de gagner la capitale bavaroise<\/p>\n<p class=\" wall-content\"><strong>11 autres trains quotidiens<\/strong> permettent \u00e9galement de se rendre en Bavi\u00e8re en moins de 4h avec une correspondance \u00e0 Offenburg, \u00e0 Mannheim ou \u00e0 Stuttgart, soit 84 trajets possibles par semaine.<\/p>\n<p class=\" wall-content\">Volotea dessert d\u00e9sormais des destinations dans <strong>sept pays diff\u00e9rents<\/strong> depuis la capitale alsacienne : l\u2019<strong>Allemagne<\/strong>, l\u2019<strong>Espagne<\/strong>, la <strong>France<\/strong>, la <strong>Gr\u00e8ce<\/strong>, l\u2019<strong>Italie<\/strong>, le <strong>Maroc<\/strong> et le <strong>Portugal<\/strong>.<\/p>\n<p class=\" wall-content\">Personnalisez votre actualit\u00e9 en ajoutant vos villes et m\u00e9dias en favori avec <a href=\"https:\/\/moncompte.actu.fr\" title=\"D\u00e9couvez Mon Actu\" rel=\"nofollow noopener\" data-trk=\"{&quot;cta&quot;:{&quot;action&quot;:&quot;https:\\\/\\\/moncompte.actu.fr&quot;,&quot;category&quot;:&quot;mon compte&quot;,&quot;from&quot;:&quot;article footer&quot;,&quot;name&quot;:&quot;Mon actu&quot;,&quot;type&quot;:&quot;cta&quot;}}\" target=\"_blank\">Mon Actu<\/a>.<\/p>\n","protected":false},"excerpt":{"rendered":"Par Thomas Blanc Publi\u00e9 le 8 janv. 2026 \u00e0 7h02 Actuellement, Francfort est la seule ville d\u2019Allemagne o\u00f9&hellip;\n","protected":false},"author":2,"featured_media":649049,"comment_status":"","ping_status":"","sticky":false,"template":"","format":"standard","meta":{"footnotes":""},"categories":[2820],"tags":[1111,11,30491,1777,674,1011,27,775,12,25,104,640,11756,586],"class_list":{"0":"post-649048","1":"post","2":"type-post","3":"status-publish","4":"format-standard","5":"has-post-thumbnail","7":"category-strasbourg","8":"tag-actu","9":"tag-actualites","10":"tag-aeroport-de-strasbourg","11":"tag-eu","12":"tag-europe","13":"tag-fr","14":"tag-france","15":"tag-grand-est","16":"tag-news","17":"tag-republique-francaise","18":"tag-societe","19":"tag-strasbourg","20":"tag-volotea","21":"tag-voyage"},"share_on_mastodon":{"url":"https:\/\/pubeurope.com\/@fr\/115858782540823286","error":""},"_links":{"self":[{"href":"https:\/\/www.europesays.com\/fr\/wp-json\/wp\/v2\/posts\/649048","targetHints":{"allow":["GET"]}}],"collection":[{"href":"https:\/\/www.europesays.com\/fr\/wp-json\/wp\/v2\/posts"}],"about":[{"href":"https:\/\/www.europesays.com\/fr\/wp-json\/wp\/v2\/types\/post"}],"author":[{"embeddable":true,"href":"https:\/\/www.europesays.com\/fr\/wp-json\/wp\/v2\/users\/2"}],"replies":[{"embeddable":true,"href":"https:\/\/www.europesays.com\/fr\/wp-json\/wp\/v2\/comments?post=649048"}],"version-history":[{"count":0,"href":"https:\/\/www.europesays.com\/fr\/wp-json\/wp\/v2\/posts\/649048\/revisions"}],"wp:featuredmedia":[{"embeddable":true,"href":"https:\/\/www.europesays.com\/fr\/wp-json\/wp\/v2\/media\/649049"}],"wp:attachment":[{"href":"https:\/\/www.europesays.com\/fr\/wp-json\/wp\/v2\/media?parent=649048"}],"wp:term":[{"taxonomy":"category","embeddable":true,"href":"https:\/\/www.europesays.com\/fr\/wp-json\/wp\/v2\/categories?post=649048"},{"taxonomy":"post_tag","embeddable":true,"href":"https:\/\/www.europesays.com\/fr\/wp-json\/wp\/v2\/tags?post=649048"}],"curies":[{"name":"wp","href":"https:\/\/api.w.org\/{rel}","templated":true}]}}