{"id":649050,"date":"2026-01-08T09:31:15","date_gmt":"2026-01-08T09:31:15","guid":{"rendered":"https:\/\/www.europesays.com\/fr\/649050\/"},"modified":"2026-01-08T09:31:15","modified_gmt":"2026-01-08T09:31:15","slug":"a-strasbourg-le-shadok-tiers-lieu-de-leducation-aux-cultures-numeriques","status":"publish","type":"post","link":"https:\/\/www.europesays.com\/fr\/649050\/","title":{"rendered":"A Strasbourg, le\u00a0Shadok, tiers-lieu de l\u2019\u00e9ducation aux cultures num\u00e9riques"},"content":{"rendered":"<p>\u00c0 Strasbourg, le Shadok rend le num\u00e9rique simple, cr\u00e9atif et accessible. Ateliers gratuits, accompagnements individuels et alternatives responsables : ici, chacun avance \u00e0 son rythme et reprend confiance.<\/p>\n<p>Install\u00e9 au centre de Strasbourg, sur plusieurs \u00e9tages, le <a href=\"https:\/\/shadok-strasbourg.eu\/\" target=\"_blank\" rel=\"noreferrer noopener\"><strong>Shadok<\/strong><\/a> s\u2019est donn\u00e9 une mission claire : <strong>sensibiliser et \u00e9duquer aux cultures num\u00e9riques.<\/strong> Mais aussi celle de <strong>r\u00e9duire la fracture num\u00e9rique. <\/strong><\/p>\n<p>Ordinateur, smartphone, r\u00e9glages de base\u2026 <strong>L\u2019\u00e9quipe aide celles et ceux qui se sentent \u00e9loign\u00e9s de ces outils, pour des raisons d\u2019\u00e2ge, de moyens ou de parcours.<\/strong> \u00ab Le num\u00e9rique du quotidien, c\u2019est tout ce qui va concerner les appareils d\u2019usage quotidien \u00bb, r\u00e9sume <strong>Claire Stosskopf-Marcuz<\/strong>, charg\u00e9e de communication et d\u00e9veloppement des publics. L\u2019objectif : <strong>rendre ces gestes simples \u00e0 nouveau possibles, sans jargon ni jugement.<\/strong><\/p>\n<p>Les ateliers, souvent organis\u00e9s les mardis et jeudis, abordent aussi <strong>des sujets tr\u00e8s concrets : gestion des donn\u00e9es, protection de la vie priv\u00e9e, r\u00e9flexes face aux arnaques en ligne<\/strong>. \u00ab Donner des outils, des cl\u00e9s \u00e0 des personnes qui n\u2019en ont pas forc\u00e9ment \u00bb, insiste Claire Stosskopf-Marcuz. Une approche rassurante, pens\u00e9e pour retrouver de l\u2019autonomie dans les d\u00e9marches du quotidien.<\/p>\n<p>Des permanences gratuites pour d\u00e9bloquer une situation<\/p>\n<p>Au-del\u00e0 des sessions en groupe, le Shadok propose des <strong>permanences num\u00e9riques<\/strong> : des <strong>rendez-vous individuels, gratuits, pour r\u00e9soudre un probl\u00e8me pr\u00e9cis<\/strong>. Cela peut \u00eatre une <strong>difficult\u00e9 administrative \u2014 d\u00e9claration CAF, imp\u00f4ts, formulaires en ligne \u2014 ou une question plus technique.<\/strong> Ici, on prend le temps de comprendre, de corriger, d\u2019expliquer, afin que la personne puisse ensuite refaire seule.<\/p>\n<p>Le Shadok agit comme un tremplin, pour que le num\u00e9rique redevienne un facilitateur plut\u00f4t qu\u2019un obstacle, notamment pour les publics qui n\u2019ont pas eu \u00ab le temps ni le moyen \u00e9conomique de s\u2019y adapter \u00bb.<\/p>\n<p>Cr\u00e9er, apprendre, se divertir : le num\u00e9rique devient un terrain d\u2019expression<\/p>\n<p>Le Shadok ne se limite pas aux usages essentiels : il ouvre aussi la porte au <strong>num\u00e9rique cr\u00e9ati<\/strong>f. Jeux vid\u00e9o ind\u00e9pendants, musique \u00e9lectronique, design, fab lab, code club\u2026 autant d\u2019ateliers pour d\u00e9couvrir, exp\u00e9rimenter et produire. \u00ab Le num\u00e9rique cr\u00e9atif va plut\u00f4t concerner la partie jeux vid\u00e9o\u2026 musique \u00e9lectronique, design, fab lab \u00bb, d\u00e9taille Claire Stosskopf-Marcuz.<\/p>\n<p>Parmi les propositions, des initiations \u00e0 la <strong>musique assist\u00e9e par ordinateur<\/strong> sont anim\u00e9es par la Longevity Music School. Les participants peuvent<strong> s\u2019essayer \u00e0 des logiciels comme Ableton<\/strong>, <strong>apprendre le mix<\/strong> et surtout <strong>oser cr\u00e9er<\/strong>. Une fa\u00e7on de transformer l\u2019\u00e9cran en outil d\u2019expression, et de rappeler que le num\u00e9rique peut aussi rassembler et r\u00e9v\u00e9ler des talents.<\/p>\n<p>Depuis 2024, cette dynamique s\u2019appuie sur un collectif d\u2019associations qui animent le lieu : la <strong>Cybergrange, Emma\u00fcs Connect,<\/strong> la <strong>Ligue de l\u2019enseignement<\/strong>, <strong>Longevity Music School <\/strong>et <strong>Random Bazar<\/strong>.\u00a0 Au Shadok, le num\u00e9rique se partage, et \u00e7a change tout.<\/p>\n<p>Chargement des articles recommand\u00e9s&#8230;<\/p>\n","protected":false},"excerpt":{"rendered":"\u00c0 Strasbourg, le Shadok rend le num\u00e9rique simple, cr\u00e9atif et accessible. Ateliers gratuits, accompagnements individuels et alternatives responsables&hellip;\n","protected":false},"author":2,"featured_media":649051,"comment_status":"","ping_status":"","sticky":false,"template":"","format":"standard","meta":{"footnotes":""},"categories":[2820],"tags":[1111,11,1777,674,1011,27,775,4862,12,25,640],"class_list":{"0":"post-649050","1":"post","2":"type-post","3":"status-publish","4":"format-standard","5":"has-post-thumbnail","7":"category-strasbourg","8":"tag-actu","9":"tag-actualites","10":"tag-eu","11":"tag-europe","12":"tag-fr","13":"tag-france","14":"tag-grand-est","15":"tag-mieux-etre","16":"tag-news","17":"tag-republique-francaise","18":"tag-strasbourg"},"share_on_mastodon":{"url":"https:\/\/pubeurope.com\/@fr\/115858786483390047","error":""},"_links":{"self":[{"href":"https:\/\/www.europesays.com\/fr\/wp-json\/wp\/v2\/posts\/649050","targetHints":{"allow":["GET"]}}],"collection":[{"href":"https:\/\/www.europesays.com\/fr\/wp-json\/wp\/v2\/posts"}],"about":[{"href":"https:\/\/www.europesays.com\/fr\/wp-json\/wp\/v2\/types\/post"}],"author":[{"embeddable":true,"href":"https:\/\/www.europesays.com\/fr\/wp-json\/wp\/v2\/users\/2"}],"replies":[{"embeddable":true,"href":"https:\/\/www.europesays.com\/fr\/wp-json\/wp\/v2\/comments?post=649050"}],"version-history":[{"count":0,"href":"https:\/\/www.europesays.com\/fr\/wp-json\/wp\/v2\/posts\/649050\/revisions"}],"wp:featuredmedia":[{"embeddable":true,"href":"https:\/\/www.europesays.com\/fr\/wp-json\/wp\/v2\/media\/649051"}],"wp:attachment":[{"href":"https:\/\/www.europesays.com\/fr\/wp-json\/wp\/v2\/media?parent=649050"}],"wp:term":[{"taxonomy":"category","embeddable":true,"href":"https:\/\/www.europesays.com\/fr\/wp-json\/wp\/v2\/categories?post=649050"},{"taxonomy":"post_tag","embeddable":true,"href":"https:\/\/www.europesays.com\/fr\/wp-json\/wp\/v2\/tags?post=649050"}],"curies":[{"name":"wp","href":"https:\/\/api.w.org\/{rel}","templated":true}]}}