{"id":649052,"date":"2026-01-08T09:32:10","date_gmt":"2026-01-08T09:32:10","guid":{"rendered":"https:\/\/www.europesays.com\/fr\/649052\/"},"modified":"2026-01-08T09:32:10","modified_gmt":"2026-01-08T09:32:10","slug":"entre-head-ouvre-une-antenne-a-marseille-et-poursuit-son-developpement-national","status":"publish","type":"post","link":"https:\/\/www.europesays.com\/fr\/649052\/","title":{"rendered":"Entre Head ouvre une antenne \u00e0 Marseille et poursuit son d\u00e9veloppement national"},"content":{"rendered":"<p>                    <img loading=\"lazy\" decoding=\"async\" src=\"https:\/\/www.europesays.com\/fr\/wp-content\/uploads\/2026\/01\/5927efeacae2328498692fddd514d4.jpg\" class=\"img-responsive post-image\" width=\"680\" height=\"510\" alt=\"Entre Head ouvre une (\u2026)\" title=\"Entre Head ouvre une antenne \u00e0 Marseille et poursuit son d\u00e9veloppement national\"\/><\/p>\n<p class=\"chapo\">L\u2019association Entre Head, sp\u00e9cialis\u00e9e dans l\u2019accompagnement des dirigeants d\u2019entreprise en difficult\u00e9, annonce l\u2019ouverture de son antenne marseillaise. Ce lancement marque une nouvelle \u00e9tape dans le d\u00e9veloppement de la structure, cr\u00e9\u00e9e en 2020 pendant la p\u00e9riode du confinement, et qui c\u00e9l\u00e8bre cette ann\u00e9e ses six ans d\u2019actions solidaires en faveur des entrepreneurs.<\/p>\n<p>Depuis sa cr\u00e9ation, Entre Head s\u2019est donn\u00e9 pour mission de soutenir les chefs d\u2019entreprise confront\u00e9s \u00e0 des situations complexes telles que l\u2019isolement, le stress, la pression psychologique ou encore des difficult\u00e9s personnelles et financi\u00e8res. L\u2019association compte aujourd\u2019hui<strong> 223 membre<\/strong>s, dont 177 dans les Alpes-Maritimes, 20 dans le Var, o\u00f9 une premi\u00e8re antenne a \u00e9t\u00e9 ouverte, et 9 en r\u00e9gion parisienne.<\/p>\n<p>En cinq ans, 330 dirigeants ont b\u00e9n\u00e9fici\u00e9 d\u2019un accompagnement personnalis\u00e9, tous secteurs confondus. Parmi eux figurent notamment 37 professionnels de l\u2019immobilier, 20 acteurs du b\u00e2timent et 26 commer\u00e7ants. Les probl\u00e9matiques rencontr\u00e9es sont majoritairement li\u00e9es au d\u00e9couragement personnel et \u00e0 des tensions financi\u00e8res. Sur l\u2019ensemble des b\u00e9n\u00e9ficiaires, 141 sont issus des Alpes-Maritimes, 19 de la r\u00e9gion parisienne et 33 d\u2019autres d\u00e9partements. En moyenne, deux chefs d\u2019entreprise sont accompagn\u00e9s chaque semaine. Certains anciens b\u00e9n\u00e9ficiaires se sont par ailleurs engag\u00e9s comme aidants b\u00e9n\u00e9voles afin de soutenir \u00e0 leur tour d\u2019autres dirigeants.<\/p>\n<p>Strat\u00e9gie d\u2019essaimage<\/p>\n<p>L\u2019action d\u2019Entre Head s\u2019appuie \u00e9galement sur un r\u00e9seau de <strong>30 partenariats locaux, <\/strong> nou\u00e9s avec des acteurs \u00e9conomiques et institutionnels tels que la CCI Nice C\u00f4te d\u2019Azur, l\u2019UPE 06 MEDEF-CPME, la F\u00e9d\u00e9ration du B\u00e2timent des Alpes-Maritimes, ainsi que des \u00e9cosyst\u00e8mes comme Telecom Valley ou la French Tech C\u00f4te d\u2019Azur. L\u2019association b\u00e9n\u00e9ficie \u00e9galement d\u2019une visibilit\u00e9 m\u00e9diatique, avec un suivi de ses actions par des m\u00e9dias nationaux et r\u00e9gionaux.<br class=\"autobr\"\/><br \/>\nParmi ses initiatives, <a href=\"https:\/\/www.entre-head.com\" class=\"spip_out\" rel=\"external noopener\" target=\"_blank\">Entre Head<\/a> organise chaque mois les \u00ab\u00a0<strong>Caf\u00e9s Entre Head <\/strong>\u00a0\u00bb, des rencontres informelles destin\u00e9es \u00e0 favoriser l\u2019\u00e9change entre dirigeants autour de leurs exp\u00e9riences, de leurs difficult\u00e9s et de leurs projets. Ces rendez-vous ont lieu \u00e0 Nice, Valbonne, Villeneuve-Loubet, Cannes, La Motte et Paris, et seront prochainement propos\u00e9s \u00e0 Marseille, puis \u00e0 Lyon.<\/p>\n<p>L\u2019antenne marseillaise sera officiellement lanc\u00e9e le<strong> jeudi 29 janvier 2026<\/strong>, de 9h30 \u00e0 11h30, au si\u00e8ge de l\u2019UNIS, situ\u00e9 au 48 rue Breteuil (13006 Marseille). Cette ouverture s\u2019inscrit dans une strat\u00e9gie d\u2019essaimage national visant \u00e0 reproduire le mod\u00e8le d\u00e9velopp\u00e9 en Provence dans d\u2019autres r\u00e9gions fran\u00e7aises, en s\u2019appuyant sur des partenariats locaux afin de r\u00e9pondre au plus pr\u00e8s aux besoins des entrepreneurs en difficult\u00e9. L\u2019inscription \u00e0 l\u2019\u00e9v\u00e9nement est gratuite et obligatoire (par email \u00e0 <a href=\"https:\/\/www.petitesaffiches.fr\/cdn-cgi\/l\/email-protection\" class=\"__cf_email__\" data-cfemail=\"65060a0b1104061125000b111700480d0004014b060a08\" target=\"_blank\" rel=\"noopener\">[email\u00a0protected]<\/a>).<\/p>\n<p>Visuel de Une\u00a0: Le 3 octobre 2025, plus de 130 entrepreneurs se sont r\u00e9unis \u00e0 l\u2019H\u00f4tel Saint-Paul \u00e0 Nice pour une journ\u00e9e exceptionnelle organis\u00e9e par Entre Head et soutenue par la Fondation MMA \u2013 Les Entrepreneurs du Futur \u00a9Entre head<\/p>\n","protected":false},"excerpt":{"rendered":"L\u2019association Entre Head, sp\u00e9cialis\u00e9e dans l\u2019accompagnement des dirigeants d\u2019entreprise en difficult\u00e9, annonce l\u2019ouverture de son antenne marseillaise. Ce&hellip;\n","protected":false},"author":2,"featured_media":649053,"comment_status":"","ping_status":"","sticky":false,"template":"","format":"standard","meta":{"footnotes":""},"categories":[2819],"tags":[1111,11,2408,1777,674,1011,27,12,2401,882,25],"class_list":{"0":"post-649052","1":"post","2":"type-post","3":"status-publish","4":"format-standard","5":"has-post-thumbnail","7":"category-nice","8":"tag-actu","9":"tag-actualites","10":"tag-appels-d","11":"tag-eu","12":"tag-europe","13":"tag-fr","14":"tag-france","15":"tag-news","16":"tag-nice","17":"tag-provence-alpes-cote-dazur","18":"tag-republique-francaise"},"share_on_mastodon":{"url":"https:\/\/pubeurope.com\/@fr\/115858790556003606","error":""},"_links":{"self":[{"href":"https:\/\/www.europesays.com\/fr\/wp-json\/wp\/v2\/posts\/649052","targetHints":{"allow":["GET"]}}],"collection":[{"href":"https:\/\/www.europesays.com\/fr\/wp-json\/wp\/v2\/posts"}],"about":[{"href":"https:\/\/www.europesays.com\/fr\/wp-json\/wp\/v2\/types\/post"}],"author":[{"embeddable":true,"href":"https:\/\/www.europesays.com\/fr\/wp-json\/wp\/v2\/users\/2"}],"replies":[{"embeddable":true,"href":"https:\/\/www.europesays.com\/fr\/wp-json\/wp\/v2\/comments?post=649052"}],"version-history":[{"count":0,"href":"https:\/\/www.europesays.com\/fr\/wp-json\/wp\/v2\/posts\/649052\/revisions"}],"wp:featuredmedia":[{"embeddable":true,"href":"https:\/\/www.europesays.com\/fr\/wp-json\/wp\/v2\/media\/649053"}],"wp:attachment":[{"href":"https:\/\/www.europesays.com\/fr\/wp-json\/wp\/v2\/media?parent=649052"}],"wp:term":[{"taxonomy":"category","embeddable":true,"href":"https:\/\/www.europesays.com\/fr\/wp-json\/wp\/v2\/categories?post=649052"},{"taxonomy":"post_tag","embeddable":true,"href":"https:\/\/www.europesays.com\/fr\/wp-json\/wp\/v2\/tags?post=649052"}],"curies":[{"name":"wp","href":"https:\/\/api.w.org\/{rel}","templated":true}]}}