{"id":649056,"date":"2026-01-08T09:34:14","date_gmt":"2026-01-08T09:34:14","guid":{"rendered":"https:\/\/www.europesays.com\/fr\/649056\/"},"modified":"2026-01-08T09:34:14","modified_gmt":"2026-01-08T09:34:14","slug":"lex-dircom-de-nantes-metropole-candidat-aux-municipales-en-bretagne","status":"publish","type":"post","link":"https:\/\/www.europesays.com\/fr\/649056\/","title":{"rendered":"L&rsquo;ex-dircom de Nantes M\u00e9tropole, candidat aux municipales en Bretagne"},"content":{"rendered":"<p class=\"single__lede\"><b>Xavier Crouan avait \u00e9t\u00e9 licenci\u00e9 au printemps 2023 pour \u00ab\u202fperte de confiance\u202f\u00bb, alors que le deuxi\u00e8me mandat de Johanna Rolland \u00e9tait secou\u00e9 par l\u2019ins\u00e9curit\u00e9. D\u00e9sormais consultant ind\u00e9pendant, il est porte-parole d&rsquo;une liste citoyenne \u00e0 Saint-Lunaire (Ille-et-Vilaine).<\/b><\/p>\n<p>La barbe et les cheveux ont blanchi, mais Xavier Crouan n\u2019a pas quitt\u00e9 le monde politique pour autant. Veste bleu p\u00e9trole sur les \u00e9paules, le voil\u00e0 interview\u00e9 comme porte\u2010parole de \u00ab\u202fSaint\u2010Lunaire c\u2019est vous\u202f\u00bb sur <a href=\"https:\/\/france3-regions.franceinfo.fr\/bretagne\/programmes\/france-3_bretagne_france-3-bretagne?id=7687125\" target=\"_blank\" rel=\"noopener\">le plateau de France 3 Bretagne<\/a>. Ou levant les mains au ciel <a href=\"https:\/\/et-si-st-lunaire.fr\/?p=739\" target=\"_blank\" rel=\"noopener\">avec ses colistiers<\/a> de cette liste citoyenne pour les \u00e9lections municipales de mars, dans cette commune littorale de 3 000 habitants, proche de Dinard (Ille\u2010et\u2010Vilaine). \u00ab\u202fSur le plan local on a la capacit\u00e9 d\u2019inventer une auto\u2010d\u00e9mocratie, une d\u00e9mocratie citoyenne qui permet \u00e0 chacun de participer \u00e0 cette vie commune\u202f\u00bb, justifie Xavier Crouan, 63 ans, probable t\u00eate de\u00a0liste.<\/p>\n<p>Nous vous offrons l\u2019acc\u00e8s \u00e0 cet article<\/p>\n<p>Et \u00e0 toutes nos enqu\u00eates pendant deux jours\u00a0\u00a0! <br \/>Oui, on est g\u00e9n\u00e9reux \ud83d\ude09 Mais pensez aussi \u00e0 <a href=\"https:\/\/www.mediacites.fr\/sabonner\/\" target=\"_blank\" style=\"color:#fff\" rel=\"noopener\">vous abonner<\/a>\u00a0\u00a0!<\/p>\n<p>\t\tEn renseignant votre adresse, vous acceptez nos <a href=\"https:\/\/www.mediacites.fr\/conditions-generales-d-utilisation\/\" target=\"_blank\" rel=\"noopener\">conditions g\u00e9n\u00e9rales d\u2019utilisation<\/a>. <br \/>Mediacit\u00e9s s\u2019engage \u00e0 ne pas c\u00e9der votre adresse \u00e0 des tiers. En cas d\u2019\u00e9chec, \u00e9crivez \u00e0 <a href=\"https:\/\/www.mediacites.fr\/breve\/nantes\/2026\/01\/08\/lex-directeur-de-la-communication-de-la-ville-et-de-nantes-metropole-candidat-aux-municipales-en-bretagne\/mailto:contact@mediacites.fr\" target=\"_blank\" rel=\"noopener\">contact@mediacites.fr<\/a><\/p>\n<ul>\n<li>J\u2019acc\u00e8de aux 4 \u00e9ditions de Mediacit\u00e9s (Lille, Lyon, Nantes et Toulouse)<\/li>\n<li>Je d\u00e9couvre un m\u00e9dia 100 % ind\u00e9pendant, avec 0 % de publicit\u00e9<\/li>\n<\/ul>\n<p>Envie de lire la\u00a0suite\u202f?<\/p>\n<p>Depuis neuf ans, Mediacit\u00e9s enqu\u00eate en toute ind\u00e9pendance dans votre ville. Gr\u00e2ce \u00e0 ses lecteurs\u202f! Abonnez\u2010vous pour ne rien manquer de nos enqu\u00eates, suivre les \u00e9lections municipales et soutenir un journal local d\u2019investigation.<\/p>\n<ul>\n<li>Acc\u00e8s aux 4 \u00e9ditions de Mediacit\u00e9s (Lille, Lyon, Nantes et Toulouse)<\/li>\n<li>100 % ind\u00e9pendant, avec 0 % de publicit\u00e9<\/li>\n<li>R\u00e9siliation facile \u00e0 tout moment<\/li>\n<\/ul>\n<p>Mediacit\u00e9s offre l\u2019acc\u00e8s \u00e0 cet article aux lecteurs de News2Com<\/p>\n<p>Et \u00e0 toutes nos enqu\u00eates pendant deux jours\u00a0\u00a0! <br \/>Oui, on est g\u00e9n\u00e9reux \ud83d\ude09 Mais pensez aussi \u00e0 <a href=\"https:\/\/www.mediacites.fr\/sabonner\/\" target=\"_blank\" style=\"color:#fff\" rel=\"noopener\">vous abonner<\/a>\u00a0\u00a0!<\/p>\n<p>\t\tEn renseignant votre adresse, vous acceptez nos <a href=\"https:\/\/www.mediacites.fr\/conditions-generales-d-utilisation\/\" target=\"_blank\" rel=\"noopener\">conditions g\u00e9n\u00e9rales d\u2019utilisation<\/a>. <br \/>Mediacit\u00e9s s\u2019engage \u00e0 ne pas c\u00e9der votre adresse \u00e0 des tiers. En cas d\u2019\u00e9chec, \u00e9crivez \u00e0 <a href=\"https:\/\/www.mediacites.fr\/breve\/nantes\/2026\/01\/08\/lex-directeur-de-la-communication-de-la-ville-et-de-nantes-metropole-candidat-aux-municipales-en-bretagne\/mailto:contact@mediacites.fr\" target=\"_blank\" rel=\"noopener\">contact@mediacites.fr<\/a><\/p>\n<ul>\n<li>J\u2019acc\u00e8de aux 4 \u00e9ditions de Mediacit\u00e9s (Lille, Lyon, Nantes et Toulouse)<\/li>\n<li>Je d\u00e9couvre un m\u00e9dia 100 % ind\u00e9pendant, avec 0 % de publicit\u00e9<\/li>\n<\/ul>\n","protected":false},"excerpt":{"rendered":"Xavier Crouan avait \u00e9t\u00e9 licenci\u00e9 au printemps 2023 pour \u00ab\u202fperte de confiance\u202f\u00bb, alors que le deuxi\u00e8me mandat de&hellip;\n","protected":false},"author":2,"featured_media":649057,"comment_status":"","ping_status":"","sticky":false,"template":"","format":"standard","meta":{"footnotes":""},"categories":[2818],"tags":[1111,11,829,536,75414,75415,75416,1777,674,1011,27,51816,75417,3434,766,2635,12,75418,2636,429,25,54622,75419],"class_list":{"0":"post-649056","1":"post","2":"type-post","3":"status-publish","4":"format-standard","5":"has-post-thumbnail","7":"category-nantes","8":"tag-actu","9":"tag-actualites","10":"tag-bretagne","11":"tag-communication","12":"tag-dgs","13":"tag-dircom","14":"tag-directeur-de-communication","15":"tag-eu","16":"tag-europe","17":"tag-fr","18":"tag-france","19":"tag-loeil-de-mediacites","20":"tag-marc-peron","21":"tag-municipales-2026","22":"tag-nantes","23":"tag-nantes-metropole","24":"tag-news","25":"tag-olivier-parcot","26":"tag-pays-de-la-loire","27":"tag-ps","28":"tag-republique-francaise","29":"tag-ville-de-nantes","30":"tag-xavier-crouan"},"share_on_mastodon":{"url":"https:\/\/pubeurope.com\/@fr\/115858798305759534","error":""},"_links":{"self":[{"href":"https:\/\/www.europesays.com\/fr\/wp-json\/wp\/v2\/posts\/649056","targetHints":{"allow":["GET"]}}],"collection":[{"href":"https:\/\/www.europesays.com\/fr\/wp-json\/wp\/v2\/posts"}],"about":[{"href":"https:\/\/www.europesays.com\/fr\/wp-json\/wp\/v2\/types\/post"}],"author":[{"embeddable":true,"href":"https:\/\/www.europesays.com\/fr\/wp-json\/wp\/v2\/users\/2"}],"replies":[{"embeddable":true,"href":"https:\/\/www.europesays.com\/fr\/wp-json\/wp\/v2\/comments?post=649056"}],"version-history":[{"count":0,"href":"https:\/\/www.europesays.com\/fr\/wp-json\/wp\/v2\/posts\/649056\/revisions"}],"wp:featuredmedia":[{"embeddable":true,"href":"https:\/\/www.europesays.com\/fr\/wp-json\/wp\/v2\/media\/649057"}],"wp:attachment":[{"href":"https:\/\/www.europesays.com\/fr\/wp-json\/wp\/v2\/media?parent=649056"}],"wp:term":[{"taxonomy":"category","embeddable":true,"href":"https:\/\/www.europesays.com\/fr\/wp-json\/wp\/v2\/categories?post=649056"},{"taxonomy":"post_tag","embeddable":true,"href":"https:\/\/www.europesays.com\/fr\/wp-json\/wp\/v2\/tags?post=649056"}],"curies":[{"name":"wp","href":"https:\/\/api.w.org\/{rel}","templated":true}]}}