{"id":649058,"date":"2026-01-08T09:35:10","date_gmt":"2026-01-08T09:35:10","guid":{"rendered":"https:\/\/www.europesays.com\/fr\/649058\/"},"modified":"2026-01-08T09:35:10","modified_gmt":"2026-01-08T09:35:10","slug":"plus-de-65-km-de-bouchons-sur-le-peripherique-ce-matin","status":"publish","type":"post","link":"https:\/\/www.europesays.com\/fr\/649058\/","title":{"rendered":"plus de 65 km de bouchons sur le p\u00e9riph\u00e9rique ce matin"},"content":{"rendered":"<p>                    Par<br \/>\n        <strong><br \/>\n            <a href=\"https:\/\/actu.fr\/auteur\/redaction-nantes\" title=\"Consulter tous les articles de R\u00e9daction Nantes\" target=\"_blank\" rel=\"noopener\">R\u00e9daction Nantes<\/a><br \/>\n                    <\/strong><\/p>\n<p>        Publi\u00e9 le<\/p>\n<p>            8 janv. 2026 \u00e0 9h11        <\/p>\n<p>Ces deux derniers jours, <a href=\"https:\/\/actu.fr\/pays-de-la-loire\/nantes_44109\/circulation-a-nantes-face-au-verglas-sur-les-routes-la-prefecture-appelle-a-la-vigilance_63661870.html\" target=\"_blank\" rel=\"noopener\">la neige et le verglas ont perturb\u00e9 la circulation sur les routes de la r\u00e9gion nantaise<\/a>. Ce jeudi 8\u00a0janvier 2026, les automobilistes ont pu reprendre la route. \u00c0 8\u2009h\u200945, <a href=\"https:\/\/www.bison-fute.gouv.fr\/courbes-bouchons,11025.html\" target=\"_blank\" rel=\"noopener\">Bison Fut\u00e9<\/a> recense <b>66,8\u00a0km de bouchons cumul\u00e9s sur les routes du p\u00e9riph\u00e9rique<\/b>.<\/p>\n<p>Ralentissement sur l\u2019A11<\/p>\n<p class=\" wall-content\">Selon les donn\u00e9es de Bison Fut\u00e9, <b>la N844<\/b> est l\u2019axe o\u00f9 le trafic est le plus dense avec pr\u00e8s de 31\u00a0km de bouchons. La circulation automobile est congestionn\u00e9e au nord du p\u00e9riph\u00e9rique \u00e0 hauteur de la porte de la Chapelle. Un ralentissement de 2,5\u00a0km a \u00e9t\u00e9 signal\u00e9 sur l\u2019A11, <b>dans le sens Nantes vers Paris<\/b>, entre la Chapelle-sur-Erdre et Nantes.<\/p>\n<p class=\" wall-content\">Personnalisez votre actualit\u00e9 en ajoutant vos villes et m\u00e9dias en favori avec <a href=\"https:\/\/moncompte.actu.fr\" title=\"D\u00e9couvez Mon Actu\" rel=\"nofollow noopener\" data-trk=\"{&quot;cta&quot;:{&quot;action&quot;:&quot;https:\\\/\\\/moncompte.actu.fr&quot;,&quot;category&quot;:&quot;mon compte&quot;,&quot;from&quot;:&quot;article footer&quot;,&quot;name&quot;:&quot;Mon actu&quot;,&quot;type&quot;:&quot;cta&quot;}}\" target=\"_blank\">Mon Actu<\/a>.<\/p>\n","protected":false},"excerpt":{"rendered":"Par R\u00e9daction Nantes Publi\u00e9 le 8 janv. 2026 \u00e0 9h11 Ces deux derniers jours, la neige et le&hellip;\n","protected":false},"author":2,"featured_media":649059,"comment_status":"","ping_status":"","sticky":false,"template":"","format":"standard","meta":{"footnotes":""},"categories":[2818],"tags":[1111,11,3542,1777,674,1011,27,766,12,2636,4013,25,104],"class_list":{"0":"post-649058","1":"post","2":"type-post","3":"status-publish","4":"format-standard","5":"has-post-thumbnail","7":"category-nantes","8":"tag-actu","9":"tag-actualites","10":"tag-circulation","11":"tag-eu","12":"tag-europe","13":"tag-fr","14":"tag-france","15":"tag-nantes","16":"tag-news","17":"tag-pays-de-la-loire","18":"tag-peripherique","19":"tag-republique-francaise","20":"tag-societe"},"share_on_mastodon":{"url":"https:\/\/pubeurope.com\/@fr\/115858802156869597","error":""},"_links":{"self":[{"href":"https:\/\/www.europesays.com\/fr\/wp-json\/wp\/v2\/posts\/649058","targetHints":{"allow":["GET"]}}],"collection":[{"href":"https:\/\/www.europesays.com\/fr\/wp-json\/wp\/v2\/posts"}],"about":[{"href":"https:\/\/www.europesays.com\/fr\/wp-json\/wp\/v2\/types\/post"}],"author":[{"embeddable":true,"href":"https:\/\/www.europesays.com\/fr\/wp-json\/wp\/v2\/users\/2"}],"replies":[{"embeddable":true,"href":"https:\/\/www.europesays.com\/fr\/wp-json\/wp\/v2\/comments?post=649058"}],"version-history":[{"count":0,"href":"https:\/\/www.europesays.com\/fr\/wp-json\/wp\/v2\/posts\/649058\/revisions"}],"wp:featuredmedia":[{"embeddable":true,"href":"https:\/\/www.europesays.com\/fr\/wp-json\/wp\/v2\/media\/649059"}],"wp:attachment":[{"href":"https:\/\/www.europesays.com\/fr\/wp-json\/wp\/v2\/media?parent=649058"}],"wp:term":[{"taxonomy":"category","embeddable":true,"href":"https:\/\/www.europesays.com\/fr\/wp-json\/wp\/v2\/categories?post=649058"},{"taxonomy":"post_tag","embeddable":true,"href":"https:\/\/www.europesays.com\/fr\/wp-json\/wp\/v2\/tags?post=649058"}],"curies":[{"name":"wp","href":"https:\/\/api.w.org\/{rel}","templated":true}]}}