{"id":649070,"date":"2026-01-08T09:43:10","date_gmt":"2026-01-08T09:43:10","guid":{"rendered":"https:\/\/www.europesays.com\/fr\/649070\/"},"modified":"2026-01-08T09:43:10","modified_gmt":"2026-01-08T09:43:10","slug":"incendie-dun-immeuble-rue-de-rome-a-marseille-70-marins-pompiers-mobilises-lacces-barre","status":"publish","type":"post","link":"https:\/\/www.europesays.com\/fr\/649070\/","title":{"rendered":"Incendie d&rsquo;un immeuble rue de Rome \u00e0 Marseille, 70 marins-pompiers mobilis\u00e9s, l&rsquo;acc\u00e8s barr\u00e9"},"content":{"rendered":"<p>Pas moins de <strong>70 marins-pompiers, \u00e9quip\u00e9s de 20 engins<\/strong>, sont en intervention en ce moment rue de Rome \u00e0 Marseille. Les soldats du feu \u00e9teignent un feu qui a pris dans une chambre d\u2019un foyer d\u2019h\u00e9bergement d\u2019urgence situ\u00e9 au 4e \u00e9tage d\u2019un immeuble.<\/p>\n<p>Les secouristes ont \u00e9vacu\u00e9 21 personnes. Deux d\u2019entre elles ont \u00e9t\u00e9 incommod\u00e9es par les fum\u00e9es mais leur \u00e9tat ne n\u00e9cessite pas un transfert vers un h\u00f4pital.<\/p>\n<p>Si leu feu a \u00e9t\u00e9 \u00e9teint, cette intervention pourrait durer un long moment en raison des \u00ab\u00a0points chauds\u00a0\u00bb, indiquent les marins-pompiers, qu\u2019il faut traiter. Cons\u00e9quence\u00a0: la rue de Rome va rester ferm\u00e9e sans doute au moins une bonne partie de la matin\u00e9e. Et <a href=\"https:\/\/www.laprovence.com\/article\/region\/2689607293886215\/perturbations-sur-la-ligne-3-du-tram-a-marseille-en-raison-de-lintervention-des-marins-pompiers\" target=\"_blank\" rel=\"noopener\">les perturbations sur la ligne du tram 3<\/a>, signal\u00e9s pr\u00e9c\u00e9demment, vont elles aussi perdurer. Les rames ne circulent dans aucun de deux sens pour l\u2019heure.<\/p>\n","protected":false},"excerpt":{"rendered":"Pas moins de 70 marins-pompiers, \u00e9quip\u00e9s de 20 engins, sont en intervention en ce moment rue de Rome&hellip;\n","protected":false},"author":2,"featured_media":649071,"comment_status":"","ping_status":"","sticky":false,"template":"","format":"standard","meta":{"footnotes":""},"categories":[2814],"tags":[5734,1111,11,1446,1777,674,1011,27,5480,1310,18640,884,12,882,16,25,3499,3640],"class_list":{"0":"post-649070","1":"post","2":"type-post","3":"status-publish","4":"format-standard","5":"has-post-thumbnail","7":"category-marseille","8":"tag-5734","9":"tag-actu","10":"tag-actualites","11":"tag-dans","12":"tag-eu","13":"tag-europe","14":"tag-fr","15":"tag-france","16":"tag-immeuble","17":"tag-incendie","18":"tag-marins-pompiers","19":"tag-marseille","20":"tag-news","21":"tag-provence-alpes-cote-dazur","22":"tag-region","23":"tag-republique-francaise","24":"tag-rome","25":"tag-rue"},"share_on_mastodon":{"url":"https:\/\/pubeurope.com\/@fr\/115858833712502758","error":""},"_links":{"self":[{"href":"https:\/\/www.europesays.com\/fr\/wp-json\/wp\/v2\/posts\/649070","targetHints":{"allow":["GET"]}}],"collection":[{"href":"https:\/\/www.europesays.com\/fr\/wp-json\/wp\/v2\/posts"}],"about":[{"href":"https:\/\/www.europesays.com\/fr\/wp-json\/wp\/v2\/types\/post"}],"author":[{"embeddable":true,"href":"https:\/\/www.europesays.com\/fr\/wp-json\/wp\/v2\/users\/2"}],"replies":[{"embeddable":true,"href":"https:\/\/www.europesays.com\/fr\/wp-json\/wp\/v2\/comments?post=649070"}],"version-history":[{"count":0,"href":"https:\/\/www.europesays.com\/fr\/wp-json\/wp\/v2\/posts\/649070\/revisions"}],"wp:featuredmedia":[{"embeddable":true,"href":"https:\/\/www.europesays.com\/fr\/wp-json\/wp\/v2\/media\/649071"}],"wp:attachment":[{"href":"https:\/\/www.europesays.com\/fr\/wp-json\/wp\/v2\/media?parent=649070"}],"wp:term":[{"taxonomy":"category","embeddable":true,"href":"https:\/\/www.europesays.com\/fr\/wp-json\/wp\/v2\/categories?post=649070"},{"taxonomy":"post_tag","embeddable":true,"href":"https:\/\/www.europesays.com\/fr\/wp-json\/wp\/v2\/tags?post=649070"}],"curies":[{"name":"wp","href":"https:\/\/api.w.org\/{rel}","templated":true}]}}