{"id":649080,"date":"2026-01-08T09:50:12","date_gmt":"2026-01-08T09:50:12","guid":{"rendered":"https:\/\/www.europesays.com\/fr\/649080\/"},"modified":"2026-01-08T09:50:12","modified_gmt":"2026-01-08T09:50:12","slug":"le-carnaval-de-paris-et-le-carnaval-des-femmes-nauront-pas-lieu-en-2026","status":"publish","type":"post","link":"https:\/\/www.europesays.com\/fr\/649080\/","title":{"rendered":"Le Carnaval de Paris et le Carnaval des femmes n&rsquo;auront pas lieu en 2026"},"content":{"rendered":"<p>C\u2019\u00e9tait<strong> l\u2019\u00e9v\u00e9nement le plus festif et color\u00e9<\/strong> qui animait chaque ann\u00e9e au d\u00e9but du mois de mars\u00a0: depuis <strong>son retour en 1998<\/strong> apr\u00e8s une longue p\u00e9riode d&rsquo;absence, <strong>le Carnaval de Paris<\/strong> faisait vibrer les rues de la capitale le temps d\u2019une journ\u00e9e. Une \u00e9poque d\u00e9sormais r\u00e9volue puisqu\u2019en 2026, <a href=\"https:\/\/www.lebonbon.fr\/paris\/les-tops-mode\/boutiques-deguisement-paris\/\" target=\"_blank\" rel=\"noopener\">la c\u00e9l\u00e8bre parade d\u00e9guis\u00e9e<\/a> n\u2019aura pas lieu. La nouvelle avait \u00e9t\u00e9 annonc\u00e9e <a href=\"https:\/\/www.carnaval-paris.org\/carnaval-de-paris-et-carnaval-des-femmes-est-annulees\/\" rel=\"nofollow noopener noreferrer\" target=\"_blank\"><strong>dans un communiqu\u00e9<\/strong><\/a> publi\u00e9 le 23 octobre 2025 par l\u2019association Droit \u00e0 la Culture.<\/p>\n<p>&#13;<\/p>\n<blockquote class=\"instagram-media\" data-instgrm-permalink=\"https:\/\/www.instagram.com\/p\/DG8mE_FJuWl\/?utm_source=ig_embed&amp;utm_campaign=loading\" data-instgrm-version=\"14\" style=\"background: #FFF; border: 0; border-radius: 3px; box-shadow: 0 0 1px 0 rgba(0,0,0,0.5),0 1px 10px 0 rgba(0,0,0,0.15); margin: 1px; max-width: 540px; min-width: 326px; padding: 0; width: calc(100% - 2px);\"><p>&#13;<br \/>\n&#13;\n<\/p><\/blockquote>\n<p>&#13;<br \/>\n&#13;<br \/>\n<br \/><strong>Une annulation due au manque de moyens financiers<\/strong>&#13;<\/p>\n<p>Si le Carnaval de Paris est annul\u00e9, <strong>le Carnaval des femmes<\/strong> \u2014 autre \u00e9v\u00e9nement culturel majeur, cr\u00e9\u00e9 en 2008 \u2014 est \u00e9galement contraint de ne pas se produire cette ann\u00e9e. \u00ab\u00a0Chers participants, <a href=\"https:\/\/www.lebonbon.fr\/paris\/loisirs\/date-theme-parcours-tout-savoir-28e-edition-carnaval-paris\/\" target=\"_blank\" rel=\"noopener\">amis du Carnaval de Paris<\/a> et du Carnaval des femmes, c\u2019est avec <strong>un profond regret<\/strong> que je vous annonce [&#8230;] la d\u00e9cision de mettre fin au Carnaval de Paris et au Carnaval des femmes\u00a0\u00bb, d\u00e9plore Ilham Mouhid, pr\u00e9sidente des deux \u00e9v\u00e9nements. La raison de cette annulation\u00a0? Un \u00ab\u00a0<strong>manque de moyens humains et de subventions<\/strong>. L\u2019impossibilit\u00e9 d\u2019assurer la s\u00e9curit\u00e9 des participants, manque de financement, manque de b\u00e9n\u00e9voles.\u00a0\u00bb, ajoute-t-elle.\u00a0<\/p>\n<p>&#13;<\/p>\n<blockquote class=\"instagram-media\" data-instgrm-permalink=\"https:\/\/www.instagram.com\/p\/DGulFTqtsnp\/?utm_source=ig_embed&amp;utm_campaign=loading\" data-instgrm-version=\"14\" style=\"background: #FFF; border: 0; border-radius: 3px; box-shadow: 0 0 1px 0 rgba(0,0,0,0.5),0 1px 10px 0 rgba(0,0,0,0.15); margin: 1px; max-width: 540px; min-width: 326px; padding: 0; width: calc(100% - 2px);\"><p>&#13;<br \/>\n&#13;\n<\/p><\/blockquote>\n<p>&#13;<br \/>\n&#13;<br \/>\n<br \/><strong>Une p\u00e9tition pour autoriser le Carnaval de Paris \u00e0 se produire en 2026<\/strong>&#13;<\/p>\n<p>Pour tenter de maintenir les deux carnavals, <a href=\"https:\/\/www.change.org\/p\/autoriser-le-carnaval-de-paris-en-2026\" rel=\"nofollow noopener noreferrer\" target=\"_blank\"><strong>une p\u00e9tition en ligne a \u00e9t\u00e9 lanc\u00e9e<\/strong><\/a>. Elle interp\u00e8le la mairie de Paris et appelle notamment au maintien de cette tradition historique, qui <strong>renforce la place de la culture dans la soci\u00e9t\u00e9<\/strong> et favorise l\u2019esprit de f\u00eate et de partage. \u00ab Imaginez la d\u00e9ception des milliers de participants et spectateurs <strong>dont les attentes seraient trahies<\/strong>. Cela aurait <strong>un impact non seulement sur la diaspora locale<\/strong>, mais aussi sur le tourisme, une des pierres angulaires de l&rsquo;\u00e9conomie parisienne\u00a0\u00bb, indique-t-elle. \u00c0 l\u2019heure actuelle, seuls 56 signataires y ont contribu\u00e9.\u00a0<\/p>\n<p>&#13;<\/p>\n<blockquote class=\"instagram-media\" data-instgrm-permalink=\"https:\/\/www.instagram.com\/p\/DGuvvIxIuAN\/?utm_source=ig_embed&amp;utm_campaign=loading\" data-instgrm-version=\"14\" style=\"background: #FFF; border: 0; border-radius: 3px; box-shadow: 0 0 1px 0 rgba(0,0,0,0.5),0 1px 10px 0 rgba(0,0,0,0.15); margin: 1px; max-width: 540px; min-width: 326px; padding: 0; width: calc(100% - 2px);\"><p>&#13;<br \/>\n&#13;\n<\/p><\/blockquote>\n<p>&#13;<br \/>\n<script async src=\"\/\/www.instagram.com\/embed.js\"><\/script><\/p>\n","protected":false},"excerpt":{"rendered":"C\u2019\u00e9tait l\u2019\u00e9v\u00e9nement le plus festif et color\u00e9 qui animait chaque ann\u00e9e au d\u00e9but du mois de mars\u00a0: depuis&hellip;\n","protected":false},"author":2,"featured_media":649081,"comment_status":"","ping_status":"","sticky":false,"template":"","format":"standard","meta":{"footnotes":""},"categories":[1888],"tags":[1111,1928,11,1927,1777,674,1011,27,12,1926,626,1925,25],"class_list":{"0":"post-649080","1":"post","2":"type-post","3":"status-publish","4":"format-standard","5":"has-post-thumbnail","7":"category-paris","8":"tag-actu","9":"tag-actu-paris","10":"tag-actualites","11":"tag-actualites-paris","12":"tag-eu","13":"tag-europe","14":"tag-fr","15":"tag-france","16":"tag-news","17":"tag-news-paris","18":"tag-paris","19":"tag-paris-news","20":"tag-republique-francaise"},"share_on_mastodon":{"url":"https:\/\/pubeurope.com\/@fr\/115858861268438930","error":""},"_links":{"self":[{"href":"https:\/\/www.europesays.com\/fr\/wp-json\/wp\/v2\/posts\/649080","targetHints":{"allow":["GET"]}}],"collection":[{"href":"https:\/\/www.europesays.com\/fr\/wp-json\/wp\/v2\/posts"}],"about":[{"href":"https:\/\/www.europesays.com\/fr\/wp-json\/wp\/v2\/types\/post"}],"author":[{"embeddable":true,"href":"https:\/\/www.europesays.com\/fr\/wp-json\/wp\/v2\/users\/2"}],"replies":[{"embeddable":true,"href":"https:\/\/www.europesays.com\/fr\/wp-json\/wp\/v2\/comments?post=649080"}],"version-history":[{"count":0,"href":"https:\/\/www.europesays.com\/fr\/wp-json\/wp\/v2\/posts\/649080\/revisions"}],"wp:featuredmedia":[{"embeddable":true,"href":"https:\/\/www.europesays.com\/fr\/wp-json\/wp\/v2\/media\/649081"}],"wp:attachment":[{"href":"https:\/\/www.europesays.com\/fr\/wp-json\/wp\/v2\/media?parent=649080"}],"wp:term":[{"taxonomy":"category","embeddable":true,"href":"https:\/\/www.europesays.com\/fr\/wp-json\/wp\/v2\/categories?post=649080"},{"taxonomy":"post_tag","embeddable":true,"href":"https:\/\/www.europesays.com\/fr\/wp-json\/wp\/v2\/tags?post=649080"}],"curies":[{"name":"wp","href":"https:\/\/api.w.org\/{rel}","templated":true}]}}