{"id":649103,"date":"2026-01-08T10:02:16","date_gmt":"2026-01-08T10:02:16","guid":{"rendered":"https:\/\/www.europesays.com\/fr\/649103\/"},"modified":"2026-01-08T10:02:16","modified_gmt":"2026-01-08T10:02:16","slug":"echec-de-la-france-le-traite-de-mercosur-en-passe-detre-ratifie","status":"publish","type":"post","link":"https:\/\/www.europesays.com\/fr\/649103\/","title":{"rendered":"\u00c9chec de la France: le trait\u00e9 de Mercosur en passe d&rsquo;\u00eatre ratifi\u00e9"},"content":{"rendered":"<p textalign=\"\" class=\"\">En d\u00e9cembre, la France avait agr\u00e9g\u00e9 autour d\u2019elle plusieurs autres pays europ\u00e9ens qui demandaient des garanties et des protections pour leurs agriculteurs, l\u2019Europe avait alors accept\u00e9 de surseoir \u00e0 la signature.<br \/>La Commission europ\u00e9enne a accept\u00e9, depuis, de suspendre r\u00e9troactivement, \u00e0 compter du 1er janvier, la taxe carbone europ\u00e9enne sur les engrais. Et ce, conform\u00e9ment aux demandes des deux pays et des agriculteurs, qui estimaient que cette taxe les d\u00e9savantagerait en termes de co\u00fbts de production.<\/p>\n<p textalign=\"left\" class=\"\">Elle a aussi d\u00e9bloqu\u00e9 des fonds anticip\u00e9s pour les agriculteurs, conform\u00e9ment aux demandes italiennes.<\/p>\n<p textalign=\"left\" class=\"\">Des mesures suffisantes pour Rome. En effet, Alessandro Lollobrigida, ministre italien de l\u2019Agriculture, d\u00e9clarait mercredi : \u00ab\u00a0Si la Commission confirme ses engagements, l&rsquo;Italie soutiendra l\u2019accord\u00a0\u00bb. On sait que l\u2019Espagne et l\u2019Allemagne veulent la ratification au plus vite. Elle pourrait, de ce fait, se faire d\u00e8s ce vendredi comme le pr\u00e9voit la pr\u00e9sidence chypriote de l\u2019Union europ\u00e9enne.<\/p>\n<p><a data-link-preview=\"\" href=\"https:\/\/www.trtfrancais.com\/article\/22c031919b4c\" target=\"_blank\" rel=\"noopener noreferrer\" dir=\"ltr\" class=\"relative flex w-full px-4 py-3 flex-col items-start gap-6 rounded bg-[#F1F1F1] border-l-0 transition-all duration-200 ease-in-out box-border mb-4 hover:bg-[#F9F9F9] hover:shadow-[0_4px_6px_-1px_rgba(0,0,0,0.1),0_-4px_6px_-1px_rgba(0,0,0,0.06),4px_0_6px_-1px_rgba(0,0,0,0.06)] focus:bg-[#F9F9F9] focus:shadow-[0_4px_6px_-1px_rgba(0,0,0,0.1),0_-4px_6px_-1px_rgba(0,0,0,0.06),4px_0_6px_-1px_rgba(0,0,0,0.06)] before:content-[&quot;&quot;] before:absolute before:left-0 before:top-0 before:bottom-0 before:w-[3px] before:rounded-l-md before:bg-[#01ABD9]\"><img decoding=\"async\" class=\"flex justify-center items-center rounded-md !w-20 !h-20 aspect-square flex-shrink-0 sm:rounded md:rounded-md lg:!w-[84px] lg:!h-[84px] lg:rounded xl:rounded-md\" src=\"https:\/\/d2udx5iz3h7s4h.cloudfront.net\/2026\/1\/8\/Reuters\/image\/2026_01_08T065853Z_904707846_RC2UWIA8RM17_RTRMADP_3_FRANCE_AGRICULTURE.JPG?width=512&amp;format=jpg&amp;quality=80\"\/><\/p>\n<p>En Relation<\/p>\n<p><\/a><\/p>\n<p textalign=\"left\" class=\"\">Le trait\u00e9 devrait \u00eatre adopt\u00e9 par les pays membres de l\u2019UE et sera ratifi\u00e9, lundi 12 janvier, au Paraguay par Ursula von der Leyen, la pr\u00e9sidente de la Commission.<\/p>\n<p textalign=\"left\" class=\"\"><strong>La France face \u00e0 une crise agricole profonde<\/strong><\/p>\n<p textalign=\"left\" class=\"\">Si les agriculteurs de tous les pays europ\u00e9ens ont regard\u00e9 cet accord avec m\u00e9fiance, et que des manifestations ont eu lieu dans presque toutes les capitales europ\u00e9ennes, en France, les syndicats ont men\u00e9 la contestation avec une seule ligne, Paris doit refuser de signer cet accord.<\/p>\n<p textalign=\"left\" class=\"\">Le gouvernement fran\u00e7ais a demand\u00e9 des am\u00e9nagements, qu\u2019il a obtenus. Il y a eu, les d\u00e9sormais fameuses clauses de sauvegarde ou clause miroir. Elles permettent d&rsquo;interrompre les importations du Mercosur si une hausse trop importante des volumes conjugu\u00e9e \u00e0 une baisse des prix pour les fili\u00e8res concern\u00e9es sont constat\u00e9s. Leur mise en place n\u2019est pas automatique, les agriculteurs estiment donc qu\u2019elles ne prot\u00e8gent rien.\u00a0<\/p>\n","protected":false},"excerpt":{"rendered":"En d\u00e9cembre, la France avait agr\u00e9g\u00e9 autour d\u2019elle plusieurs autres pays europ\u00e9ens qui demandaient des garanties et des&hellip;\n","protected":false},"author":2,"featured_media":649104,"comment_status":"","ping_status":"","sticky":false,"template":"","format":"standard","meta":{"footnotes":""},"categories":[4],"tags":[11,1011,27,12,25],"class_list":{"0":"post-649103","1":"post","2":"type-post","3":"status-publish","4":"format-standard","5":"has-post-thumbnail","7":"category-france","8":"tag-actualites","9":"tag-fr","10":"tag-france","11":"tag-news","12":"tag-republique-francaise"},"share_on_mastodon":{"url":"https:\/\/pubeurope.com\/@fr\/115858908312320693","error":""},"_links":{"self":[{"href":"https:\/\/www.europesays.com\/fr\/wp-json\/wp\/v2\/posts\/649103","targetHints":{"allow":["GET"]}}],"collection":[{"href":"https:\/\/www.europesays.com\/fr\/wp-json\/wp\/v2\/posts"}],"about":[{"href":"https:\/\/www.europesays.com\/fr\/wp-json\/wp\/v2\/types\/post"}],"author":[{"embeddable":true,"href":"https:\/\/www.europesays.com\/fr\/wp-json\/wp\/v2\/users\/2"}],"replies":[{"embeddable":true,"href":"https:\/\/www.europesays.com\/fr\/wp-json\/wp\/v2\/comments?post=649103"}],"version-history":[{"count":0,"href":"https:\/\/www.europesays.com\/fr\/wp-json\/wp\/v2\/posts\/649103\/revisions"}],"wp:featuredmedia":[{"embeddable":true,"href":"https:\/\/www.europesays.com\/fr\/wp-json\/wp\/v2\/media\/649104"}],"wp:attachment":[{"href":"https:\/\/www.europesays.com\/fr\/wp-json\/wp\/v2\/media?parent=649103"}],"wp:term":[{"taxonomy":"category","embeddable":true,"href":"https:\/\/www.europesays.com\/fr\/wp-json\/wp\/v2\/categories?post=649103"},{"taxonomy":"post_tag","embeddable":true,"href":"https:\/\/www.europesays.com\/fr\/wp-json\/wp\/v2\/tags?post=649103"}],"curies":[{"name":"wp","href":"https:\/\/api.w.org\/{rel}","templated":true}]}}