{"id":649111,"date":"2026-01-08T10:10:20","date_gmt":"2026-01-08T10:10:20","guid":{"rendered":"https:\/\/www.europesays.com\/fr\/649111\/"},"modified":"2026-01-08T10:10:20","modified_gmt":"2026-01-08T10:10:20","slug":"grand-espoir-du-cyclisme-breton-enzo-conan-sengage-avec-la-groupama-fdj","status":"publish","type":"post","link":"https:\/\/www.europesays.com\/fr\/649111\/","title":{"rendered":"Grand espoir du cyclisme breton, Enzo Conan s\u2019engage avec la Groupama-FDJ"},"content":{"rendered":"<p><a href=\"https:\/\/www.letelegramme.fr\/auteurs\/philippe-priser\" target=\"_blank\" rel=\"noopener\"><img decoding=\"async\" src=\"https:\/\/www.europesays.com\/fr\/wp-content\/uploads\/2026\/01\/64c770aa7575341cfe15b576.1.jpeg\"   width=\"160\" height=\"160\" class=\"web_square_xs\" loading=\"eager\" alt=\"Philippe Priser\" title=\"Philippe Priser\"\/><\/a><\/p>\n<p class=\"tlg-h5\">Champion de France cadets sur route, candidat au maillot tricolore de la cat\u00e9gorie U17, samedi prochain, lors des championnats de France de cyclo-cross \u00e0 Troyes, Enzo Conan va int\u00e9grer la promotion juniors de la Groupama-FDJ \u00e0 la rentr\u00e9e prochaine.<\/p>\n<p><img fetchpriority=\"high\" decoding=\"async\" src=\"https:\/\/www.europesays.com\/fr\/wp-content\/uploads\/2026\/01\/695e55fddf5941d73709eac3.1.jpeg\" width=\"960\" height=\"600\" class=\"web_golden_xl\" loading=\"eager\" alt=\"Enzo Conan ici lors de sa victoire aux championnats de France cadets sur route.\"\/>Enzo Conan ici lors de sa victoire aux championnats de France cadets sur route. (Photo FFC\/Patrick Pichon.)<\/p>\n","protected":false},"excerpt":{"rendered":"Champion de France cadets sur route, candidat au maillot tricolore de la cat\u00e9gorie U17, samedi prochain, lors des&hellip;\n","protected":false},"author":2,"featured_media":649112,"comment_status":"","ping_status":"","sticky":false,"template":"","format":"standard","meta":{"footnotes":""},"categories":[1411],"tags":[1154,207,6159,3166,1011,27,2427,60],"class_list":{"0":"post-649111","1":"post","2":"type-post","3":"status-publish","4":"format-standard","5":"has-post-thumbnail","7":"category-cyclisme","8":"tag-cycling","9":"tag-cyclisme","10":"tag-cyclisme-amateurs","11":"tag-en-continu-sports","12":"tag-fr","13":"tag-france","14":"tag-professionnels","15":"tag-sports"},"share_on_mastodon":{"url":"https:\/\/pubeurope.com\/@fr\/115858940053356556","error":""},"_links":{"self":[{"href":"https:\/\/www.europesays.com\/fr\/wp-json\/wp\/v2\/posts\/649111","targetHints":{"allow":["GET"]}}],"collection":[{"href":"https:\/\/www.europesays.com\/fr\/wp-json\/wp\/v2\/posts"}],"about":[{"href":"https:\/\/www.europesays.com\/fr\/wp-json\/wp\/v2\/types\/post"}],"author":[{"embeddable":true,"href":"https:\/\/www.europesays.com\/fr\/wp-json\/wp\/v2\/users\/2"}],"replies":[{"embeddable":true,"href":"https:\/\/www.europesays.com\/fr\/wp-json\/wp\/v2\/comments?post=649111"}],"version-history":[{"count":0,"href":"https:\/\/www.europesays.com\/fr\/wp-json\/wp\/v2\/posts\/649111\/revisions"}],"wp:featuredmedia":[{"embeddable":true,"href":"https:\/\/www.europesays.com\/fr\/wp-json\/wp\/v2\/media\/649112"}],"wp:attachment":[{"href":"https:\/\/www.europesays.com\/fr\/wp-json\/wp\/v2\/media?parent=649111"}],"wp:term":[{"taxonomy":"category","embeddable":true,"href":"https:\/\/www.europesays.com\/fr\/wp-json\/wp\/v2\/categories?post=649111"},{"taxonomy":"post_tag","embeddable":true,"href":"https:\/\/www.europesays.com\/fr\/wp-json\/wp\/v2\/tags?post=649111"}],"curies":[{"name":"wp","href":"https:\/\/api.w.org\/{rel}","templated":true}]}}