{"id":649113,"date":"2026-01-08T10:11:19","date_gmt":"2026-01-08T10:11:19","guid":{"rendered":"https:\/\/www.europesays.com\/fr\/649113\/"},"modified":"2026-01-08T10:11:19","modified_gmt":"2026-01-08T10:11:19","slug":"barcola-prefere-a-kvaratskhelia-contre-lom","status":"publish","type":"post","link":"https:\/\/www.europesays.com\/fr\/649113\/","title":{"rendered":"Barcola pr\u00e9f\u00e9r\u00e9 \u00e0 Kvaratskhelia contre l\u2019OM ? &#8211;"},"content":{"rendered":"<p><img width=\"700\" height=\"350\" src=\"https:\/\/www.europesays.com\/fr\/wp-content\/uploads\/2026\/01\/Barcola-1.jpg\" class=\"attachment-jannah-image-post size-jannah-image-post wp-post-image\" alt=\"Barcola\" is_main_img=\"1\" decoding=\"async\" fetchpriority=\"high\"  \/><br \/>\n Image :<br \/>\npsg.fr<\/p>\n<p>Demain soir (19 heures, Ligue 1 +), le PSG affronte<br \/>\nMarseille lors du Troph\u00e9e des champions. Luis Enrique pourrait<br \/>\ntitulariser Bradley Barcola dans le couloir gauche.<\/p>\n<p>Le <strong>PSG<\/strong> affronte <strong>Marseille<\/strong><br \/>\ndemain soir dans le cadre du <strong>Troph\u00e9e des<br \/>\nChampions<\/strong>. Pour ce deuxi\u00e8me <strong>Classico<\/strong> de<br \/>\nla saison, <strong>Luis Enrique<\/strong> peut compter sur un groupe<br \/>\nquasiment au complet. Pour la premi\u00e8re fois de la saison, le coach<br \/>\ndes Rouge &amp; Bleu pourrait aligner une \u00e9quipe qui se rapproche d\u2019une<br \/>\n\u00e9quipe type. Une seule incertitude semble planer sur les onze<br \/>\njoueurs qu\u2019alignera <strong><a href=\"https:\/\/canal-supporters.com\/luis-enrique-quand-tu-joues-un-classique-contre-lom-et-en-plus-une-finale-ce-nest-pas-une-revanche\/\" title=\"\" target=\"_blank\" rel=\"noopener\">Luis Enrique<\/a><\/strong>, l\u2019identit\u00e9 de celui qui jouera<br \/>\ndans le couloir gauche de l\u2019attaque.<\/p>\n<p>A lire aussi : <a href=\"https:\/\/canal-supporters.com\/roberto-de-zerbi-le-psg-est-la-meilleure-equipe-deurope\/\" title=\"\" target=\"_blank\" rel=\"noopener\">Roberto De Zerbi : \u00ab\u00a0Le PSG est la meilleure \u00e9quipe<br \/>\nd\u2019Europe !\u00a0\u00bb<\/a><\/p>\n<p><a href=\"https:\/\/x.com\/CanalSupporters\" target=\"_blank\" rel=\"noopener\" title=\"\">canalsupporters.com<\/a><\/p>\n<p>Pas de surprise<br \/>\npour le reste de l\u2019\u00e9quipe<\/p>\n<p>Cette place se jouera entre <strong>Bradley Barcola<\/strong> et<br \/>\nKhvicha Kvaratskhelia. Pour\u00a0<a href=\"https:\/\/canal-supporters.com\/kvaratskhelia-de-retour-dans-le-onze-contre-marseille\/\" target=\"_blank\" rel=\"noreferrer noopener\">L\u2019Equipe<\/a> et<br \/>\nLe Parisien c\u2019est l\u2019international g\u00e9orgien qui<br \/>\naccompagnera <strong>D\u00e9sir\u00e9 Dou\u00e9<\/strong> et <strong>Ousmane<br \/>\nDemb\u00e9l\u00e9<\/strong> en attaque. Pour\u00a0<a href=\"https:\/\/rmcsport.bfmtv.com\/football\/trophee-des-champions\/direct-trophee-des-champions-psg-om-suivez-les-conferences-de-presse-de-luis-enrique-et-roberto-de-zerbi-a-j-1-en-live_LN-202601070464.html\" target=\"_blank\" rel=\"noreferrer noopener\">RMC Sport<\/a>, c\u2019est<br \/>\nl\u2019ancien Lyonnais qui jouerait aux c\u00f4t\u00e9s de ses compatriotes. Pour<br \/>\nle reste de l\u2019\u00e9quipe, le m\u00e9dia sportif s\u2019accorde avec le quotidien<br \/>\nsportif. <strong>Lucas Chevalier<\/strong> gardera les buts. Il sera<br \/>\nd\u00e9fendu par un quatuor compos\u00e9 de <strong>Warren Za\u00efre-Emery,<br \/>\nMarquinhos, Willian Pacho<\/strong> et <strong>Nuno Mendes<\/strong>.<br \/>\nPour le milieu, pas de surprise non plus avec le trio <strong>Joao<br \/>\nNeves-Vitinha-Fabian Ruiz<\/strong>.\u00a0<\/p>\n<ul class=\"wp-block-list\">\n<li>Le XI probable du <strong>PSG<\/strong> selon RMC Sport : Chevalier \u2013 Za\u00efre-Emery, Marquinhos (cap.), Pacho, Nuno Mendes \u2013 Neves, Vitinha, Ruiz \u2013 Dou\u00e9, Demb\u00e9l\u00e9, Barcola<\/li>\n<\/ul>\n","protected":false},"excerpt":{"rendered":"Image : psg.fr Demain soir (19 heures, Ligue 1 +), le PSG affronte Marseille lors du Troph\u00e9e des&hellip;\n","protected":false},"author":2,"featured_media":649114,"comment_status":"","ping_status":"","sticky":false,"template":"","format":"standard","meta":{"footnotes":""},"categories":[1410],"tags":[12460,9707,81,19981,2337,53995,3526,56628,13120,787,63,1011,27,13297,26137,26782,75423,626,91,92,93,72296,72297,19369,72298,60,72299,75424,38586,75425,96,13124],"class_list":{"0":"post-649113","1":"post","2":"type-post","3":"status-publish","4":"format-standard","5":"has-post-thumbnail","7":"category-football","8":"tag-barcola","9":"tag-bradley-barcola","10":"tag-canal-supporters","11":"tag-clasico","12":"tag-classico","13":"tag-classico-clasico-classique","14":"tag-classique","15":"tag-compos-probables","16":"tag-compositions-probables","17":"tag-cs","18":"tag-football","19":"tag-fr","20":"tag-france","21":"tag-khvicha-kvaratskhelia","22":"tag-koweit","23":"tag-kvaratskhelia","24":"tag-onze-probables","25":"tag-paris","26":"tag-paris-saint-germain","27":"tag-paris-sg","28":"tag-psg","29":"tag-psg-marseille","30":"tag-psg-olympique-de-marseille","31":"tag-psg-om","32":"tag-psgom","33":"tag-sports","34":"tag-tdc","35":"tag-tdc-2025","36":"tag-trophee-des-champions","37":"tag-trophee-des-champions-2025","38":"tag-une","39":"tag-xi-probables"},"share_on_mastodon":{"url":"https:\/\/pubeurope.com\/@fr\/115858944063388474","error":""},"_links":{"self":[{"href":"https:\/\/www.europesays.com\/fr\/wp-json\/wp\/v2\/posts\/649113","targetHints":{"allow":["GET"]}}],"collection":[{"href":"https:\/\/www.europesays.com\/fr\/wp-json\/wp\/v2\/posts"}],"about":[{"href":"https:\/\/www.europesays.com\/fr\/wp-json\/wp\/v2\/types\/post"}],"author":[{"embeddable":true,"href":"https:\/\/www.europesays.com\/fr\/wp-json\/wp\/v2\/users\/2"}],"replies":[{"embeddable":true,"href":"https:\/\/www.europesays.com\/fr\/wp-json\/wp\/v2\/comments?post=649113"}],"version-history":[{"count":0,"href":"https:\/\/www.europesays.com\/fr\/wp-json\/wp\/v2\/posts\/649113\/revisions"}],"wp:featuredmedia":[{"embeddable":true,"href":"https:\/\/www.europesays.com\/fr\/wp-json\/wp\/v2\/media\/649114"}],"wp:attachment":[{"href":"https:\/\/www.europesays.com\/fr\/wp-json\/wp\/v2\/media?parent=649113"}],"wp:term":[{"taxonomy":"category","embeddable":true,"href":"https:\/\/www.europesays.com\/fr\/wp-json\/wp\/v2\/categories?post=649113"},{"taxonomy":"post_tag","embeddable":true,"href":"https:\/\/www.europesays.com\/fr\/wp-json\/wp\/v2\/tags?post=649113"}],"curies":[{"name":"wp","href":"https:\/\/api.w.org\/{rel}","templated":true}]}}