{"id":649117,"date":"2026-01-08T10:15:27","date_gmt":"2026-01-08T10:15:27","guid":{"rendered":"https:\/\/www.europesays.com\/fr\/649117\/"},"modified":"2026-01-08T10:15:27","modified_gmt":"2026-01-08T10:15:27","slug":"star-academy-2025-qui-sauveriez-vous-parmi-les-nommes-lors-prime-des-defis-des-profs","status":"publish","type":"post","link":"https:\/\/www.europesays.com\/fr\/649117\/","title":{"rendered":"Star Academy 2025\u00a0: Qui sauveriez-vous parmi les nomm\u00e9s lors prime des d\u00e9fis des profs\u00a0?"},"content":{"rendered":"<p>Quatre jours apr\u00e8s l\u2019\u00e9limination de Th\u00e9o P., Michael Goldman a d\u00e9voil\u00e9 le nom des deux nomm\u00e9s de la semaine lors de la quotidienne de la <a href=\"https:\/\/www.20minutes.fr\/dossier\/star_academy\" class=\"c-link c-link--is-underlined\" target=\"_blank\" rel=\"noopener\">Star Academy 2025<\/a> mercredi soir. Au vu du niveau des six candidats restants, on s\u2019attendait \u00e0 voir des favoris nomm\u00e9s et les doutes ont \u00e9t\u00e9 confirm\u00e9s.<\/p>\n<p>Comme la semaine derni\u00e8re, Anouk et Victor sur le banc des nomm\u00e9s<\/p>\n<p>Anouk (sur Si je m\u2019en sors, de Julie Zenatti) et Victor (sur Alors on danse, de <a href=\"https:\/\/www.20minutes.fr\/dossier\/stromae\" class=\"c-link c-link--is-underlined\" target=\"_blank\" rel=\"noopener\">Stromae<\/a>) ont r\u00e9colt\u00e9 les moins bons r\u00e9sultats. Ils seront donc sur la sellette samedi. Les deux candidats ont eu un l\u00e9ger moment de doute sur les paroles lors des \u00e9valuations et ont \u00e9t\u00e9 sanctionn\u00e9s. Sarah aurait \u00e9t\u00e9 la troisi\u00e8me nomm\u00e9e, mais elle \u00e9tait immunis\u00e9e cette semaine. Marl\u00e8ne avait notamment point\u00e9 du doigt son interpr\u00e9tation en admettant ne pas avoir compris l\u2019histoire racont\u00e9e (sur Dors de <a href=\"https:\/\/www.20minutes.fr\/arts-stars\/culture\/clara-luciani\/\" class=\"c-link c-link--is-underlined\" target=\"_blank\" rel=\"noopener\">Clara Luciani<\/a>).<\/p>\n<p>L\u00e9a, Bastiaan et Ambre se d\u00e9fieront donc lors de la battle du Top 3 en direct sur <a href=\"https:\/\/www.20minutes.fr\/dossier\/tf1\" class=\"c-link c-link--is-underlined\" target=\"_blank\" rel=\"noopener\">TF1<\/a> samedi soir. Celui qui l\u2019emportera validera sa place pour la demi-finale. L\u00e9a chantera Beautiful de Christina Aguilera, Ambre interpr\u00e9tera Nothing Else Matters de Miley Cyrus et Bastiaan d\u00e9fendra Angels, de Robbie Williams. En ce qui concerne les d\u00e9fis des professeurs\u00a0:<\/p>\n<ul>\n<li>D\u00e9fi vocal\u00a0: L\u00e9a \u2013 L\u2019amour est un oiseau rebelle (Maria Callas)<\/li>\n<li>D\u00e9fi danse\u00a0: Bastiaan \u2013 Blinding Lights (The Weeknd)<\/li>\n<li>D\u00e9fi th\u00e9\u00e2tre\u00a0: Ambre \u2013 Gigi l\u2019amoroso (Dalida)<\/li>\n<\/ul>\n<p>Quel candidat sauvierez-vous sur le prime des d\u00e9fis des profs\u00a0?<\/p>\n<p>Le verdict samedi lors d\u2019un prime aux invit\u00e9s prestigieux<\/p>\n<p>Il y en aura pour toutes les g\u00e9n\u00e9rations samedi soir sur le plateau du studio 217. KeBlack (sur Boucan et Melrose Place), Matt Pokora (avec Si on disait) et V\u00e9ronique Sanson viendront partager la sc\u00e8ne avec les pensionnaires du ch\u00e2teau de Dammarie-les-Lys. Sheryfa Luna chantera Il avait les mots avec Victor et Anouk, Zaho partagera C\u2019est chelou avec Sarah et Bastiaan, puis Je te promets avec Ambre. Enfin, N\u00e2diya chantera avec Ambre son tube Et c\u2019est parti.<\/p>\n<p class=\"mb-m@xs text-l@xs\">En cliquant sur\u00ab J\u2019accepte \u00bb, vous acceptez le d\u00e9p\u00f4t de cookies par des services externes et aurez ainsi acc\u00e8s aux contenus de nos partenaires.<\/p>\n<p class=\"mb-xl@xs text-s@xs\">Plus d\u2019informations sur la page<a href=\"https:\/\/www.20minutes.fr\/gestion-cookies\" class=\"mx-xxs@xs color-ultramarine\" target=\"_blank\" rel=\"noopener\">Politique de gestion des cookies<\/a><\/p>\n<p>J\u2019accepte<\/p>\n<p>Les nomm\u00e9s (Victor et Anouk) devront interpr\u00e9ter Ma r\u00e9v\u00e9rence de <a href=\"https:\/\/www.20minutes.fr\/arts-stars\/culture\/veronique-sanson\/\" class=\"c-link c-link--is-underlined\" target=\"_blank\" rel=\"noopener\">V\u00e9ronique Sanson<\/a> pour sauver leur place. \u00c9motion garantie. Par ailleurs, Sarah r\u00e9alisera sa carte blanche sur Where is my husband\u00a0! de Raye.<\/p>\n","protected":false},"excerpt":{"rendered":"Quatre jours apr\u00e8s l\u2019\u00e9limination de Th\u00e9o P., Michael Goldman a d\u00e9voil\u00e9 le nom des deux nomm\u00e9s de la&hellip;\n","protected":false},"author":2,"featured_media":649118,"comment_status":"","ping_status":"","sticky":false,"template":"","format":"standard","meta":{"footnotes":""},"categories":[1356],"tags":[58,59,1011,27,10824,10827,5095,252,199,1364,15151],"class_list":{"0":"post-649117","1":"post","2":"type-post","3":"status-publish","4":"format-standard","5":"has-post-thumbnail","7":"category-television","8":"tag-divertissement","9":"tag-entertainment","10":"tag-fr","11":"tag-france","12":"tag-m-pokora","13":"tag-nikos-aliagas","14":"tag-star-academy","15":"tag-television","16":"tag-tf1","17":"tag-tv","18":"tag-veronique-sanson"},"share_on_mastodon":{"url":"https:\/\/pubeurope.com\/@fr\/115858959461138706","error":""},"_links":{"self":[{"href":"https:\/\/www.europesays.com\/fr\/wp-json\/wp\/v2\/posts\/649117","targetHints":{"allow":["GET"]}}],"collection":[{"href":"https:\/\/www.europesays.com\/fr\/wp-json\/wp\/v2\/posts"}],"about":[{"href":"https:\/\/www.europesays.com\/fr\/wp-json\/wp\/v2\/types\/post"}],"author":[{"embeddable":true,"href":"https:\/\/www.europesays.com\/fr\/wp-json\/wp\/v2\/users\/2"}],"replies":[{"embeddable":true,"href":"https:\/\/www.europesays.com\/fr\/wp-json\/wp\/v2\/comments?post=649117"}],"version-history":[{"count":0,"href":"https:\/\/www.europesays.com\/fr\/wp-json\/wp\/v2\/posts\/649117\/revisions"}],"wp:featuredmedia":[{"embeddable":true,"href":"https:\/\/www.europesays.com\/fr\/wp-json\/wp\/v2\/media\/649118"}],"wp:attachment":[{"href":"https:\/\/www.europesays.com\/fr\/wp-json\/wp\/v2\/media?parent=649117"}],"wp:term":[{"taxonomy":"category","embeddable":true,"href":"https:\/\/www.europesays.com\/fr\/wp-json\/wp\/v2\/categories?post=649117"},{"taxonomy":"post_tag","embeddable":true,"href":"https:\/\/www.europesays.com\/fr\/wp-json\/wp\/v2\/tags?post=649117"}],"curies":[{"name":"wp","href":"https:\/\/api.w.org\/{rel}","templated":true}]}}