{"id":649119,"date":"2026-01-08T10:16:24","date_gmt":"2026-01-08T10:16:24","guid":{"rendered":"https:\/\/www.europesays.com\/fr\/649119\/"},"modified":"2026-01-08T10:16:24","modified_gmt":"2026-01-08T10:16:24","slug":"actus-champagne-fm-neige-point-de-situation-pour-la-journee-de-mercredi","status":"publish","type":"post","link":"https:\/\/www.europesays.com\/fr\/649119\/","title":{"rendered":"Actus &#8211; Champagne FM &#8211; Neige : point de situation pour la journ\u00e9e de mercredi"},"content":{"rendered":"\n<p><strong>Marne<\/strong><\/p>\n<p>Pas de transports scolaires sur l\u2019ensemble du d\u00e9partement ce mercredi 7 janvier.<\/p>\n<p>Interdiction de circulation pour les poids lourds\u00a0de 3,5T sur l\u2019ensemble du r\u00e9seau routier d\u00e9partemental, \u00e0 partir de 8h jusqu\u2019\u00e0 18h\u00a0le mercredi 7 janvier 2026.<\/p>\n<p>Des aires de d\u00e9lestage sont identifi\u00e9es pour accueillir les poids-lourds durant cet \u00e9pisode neigeux.<\/p>\n<p>Une zone de stockage accueille d\u00e9j\u00e0 plus de 200 camions sur la RN31 dans le sens Reims\/Fismes.\u00a0<\/p>\n<p>En raison des conditions m\u00e9t\u00e9orologiques, XCR Airport (A\u00e9roport de Vatry) a \u00e9t\u00e9 contraint de stopper l\u2019ensemble de ses activit\u00e9s au moins jusqu\u2019\u00e0 mercredi matin inclus.<\/p>\n<p>\u00a0<\/p>\n<p>\u00a0<\/p>\n<p><strong>Aube<\/strong><\/p>\n<p>Interdiction de circulation des transports scolaires, ce mercredi 7\u00a0janvier, de 5h \u00e0 23h sur l\u2019ensemble du d\u00e9partement.<\/p>\n<p>Les \u00e9tablissements scolaires et p\u00e9riscolaires resteront ouverts pour accueillir les \u00e9l\u00e8ves.<\/p>\n<p>Interdiction de circulation pour les poids lourds\u00a0de 3,5T sur l\u2019ensemble du r\u00e9seau routier d\u00e9partemental, \u00e0 partir de 8h jusqu\u2019\u00e0 18h\u00a0le mercredi 7 janvier 2026.<\/p>\n<p>Des aires de d\u00e9lestage sont identifi\u00e9es pour accueillir les poids-lourds durant cet \u00e9pisode neigeux.<\/p>\n<p>\u00a0<\/p>\n<p><strong>Ardennes<\/strong><\/p>\n<p>Pas de transports scolaires sur l\u2019ensemble du d\u00e9partement ce mercredi 7 janvier.<\/p>\n<p>Interdiction de circulation pour les poids lourds\u00a0de 3,5T sur l\u2019ensemble du r\u00e9seau routier d\u00e9partemental, \u00e0 partir de 8h jusqu\u2019\u00e0 18h\u00a0le mercredi 7 janvier 2026.<\/p>\n<p>Des aires de d\u00e9lestage sont identifi\u00e9es pour accueillir les poids-lourds durant cet \u00e9pisode neigeux.<\/p>\n<p>\u00a0<\/p>\n<p>\u00a0<\/p>\n<p><strong>Aisne<\/strong><\/p>\n<p>Transports scolaires interrompus sur l\u2019ensemble du d\u00e9partement pour la journ\u00e9e du mercredi 7 janvier.<\/p>\n<p>Les coll\u00e8ges et lyc\u00e9es resteront ouverts, les \u00e9l\u00e8ves qui se pr\u00e9senteront seront accueillis et pris en charge.<\/p>\n<p>\u00a0<\/p>\n<p>Circulation des poids-lourds (+3,5 T) interdite sur l\u2019ensemble des axes routiers du d\u00e9partement \u00e0 partir du 7 janvier d\u00e8s 2h, sauf exceptions.<\/p>\n<p>Elle reprendra progressivement d\u00e8s la lev\u00e9e de la vigilance orange et selon les conditions de circulation.<\/p>\n<p>Des aires de stockage ont \u00e9t\u00e9 identifi\u00e9es afin d\u2019accueillir les poids-lourds pr\u00e9sents sur les axes routiers du d\u00e9partement durant la p\u00e9riode d\u2019interdiction de circulation.<\/p>\n<p>Il est conseill\u00e9 aux chauffeurs d\u2019anticiper leur approvisionnement en vivres et en eau.<\/p>\n<p>\u00a0<\/p>\n<p>Pour les v\u00e9hicules de moins de 3,5 T, la vitesse maximale autoris\u00e9e est abaiss\u00e9e sur l\u2019ensemble du d\u00e9partement, de 130 \u00e0 110 km\/h sur les axes autoroutiers, de 110 \u00e0 90 km\/h sur les axes autoroutiers et les routes nationales, de 90 \u00e0 80 km\/h et de 80 \u00e0 70 km\/h sur les routes nationales et hors agglom\u00e9ration.<\/p>\n<p>!function(f,b,e,v,n,t,s)<br \/>\n{if(f.fbq)return;n=f.fbq=function(){n.callMethod?<br \/>\nn.callMethod.apply(n,arguments):n.queue.push(arguments)};<br \/>\nif(!f._fbq)f._fbq=n;n.push=n;n.loaded=!0;n.version=&rsquo;2.0&prime;;<br \/>\nn.queue=[];t=b.createElement(e);t.async=!0;<br \/>\nt.src=v;s=b.getElementsByTagName(e)[0];<br \/>\ns.parentNode.insertBefore(t,s)}(window, document,&rsquo;script&rsquo;,<br \/>\n&lsquo;https:\/\/connect.facebook.net\/en_US\/fbevents.js&rsquo;);<br \/>\nfbq(&lsquo;init&rsquo;, &lsquo;804989127308002&rsquo;);<br \/>\nfbq(&lsquo;track&rsquo;, &lsquo;PageView&rsquo;);<\/p>\n","protected":false},"excerpt":{"rendered":"Marne Pas de transports scolaires sur l\u2019ensemble du d\u00e9partement ce mercredi 7 janvier. Interdiction de circulation pour les&hellip;\n","protected":false},"author":2,"featured_media":649120,"comment_status":"","ping_status":"","sticky":false,"template":"","format":"standard","meta":{"footnotes":""},"categories":[1355],"tags":[11,3723,65455,5591,52029,65464,65463,65459,58,59,65456,1011,27,876,38839,30237,37289,37290,1114,4537,23664,12650,1361,873,12,1825,4243,65457,65461,65462,65458,56304,1964,65460],"class_list":{"0":"post-649119","1":"post","2":"type-post","3":"status-publish","4":"format-standard","5":"has-post-thumbnail","7":"category-musique","8":"tag-actualites","9":"tag-actus","10":"tag-ardennes","11":"tag-aube","12":"tag-chalons","13":"tag-champagne-ardennes","14":"tag-champagne-fm","15":"tag-charleville-mezieres","16":"tag-divertissement","17":"tag-entertainment","18":"tag-epernay","19":"tag-fr","20":"tag-france","21":"tag-france-3","22":"tag-france-bleu","23":"tag-haute-marne","24":"tag-info-locale","25":"tag-info-regionale","26":"tag-infos","27":"tag-lunion","28":"tag-la-voix-du-nord","29":"tag-marne","30":"tag-music","31":"tag-musique","32":"tag-news","33":"tag-radio","34":"tag-reims","35":"tag-rethel","36":"tag-romilly","37":"tag-sainte-menehould","38":"tag-sedan","39":"tag-sezanne","40":"tag-troyes","41":"tag-vouziers"},"share_on_mastodon":{"url":"https:\/\/pubeurope.com\/@fr\/115858963408857410","error":""},"_links":{"self":[{"href":"https:\/\/www.europesays.com\/fr\/wp-json\/wp\/v2\/posts\/649119","targetHints":{"allow":["GET"]}}],"collection":[{"href":"https:\/\/www.europesays.com\/fr\/wp-json\/wp\/v2\/posts"}],"about":[{"href":"https:\/\/www.europesays.com\/fr\/wp-json\/wp\/v2\/types\/post"}],"author":[{"embeddable":true,"href":"https:\/\/www.europesays.com\/fr\/wp-json\/wp\/v2\/users\/2"}],"replies":[{"embeddable":true,"href":"https:\/\/www.europesays.com\/fr\/wp-json\/wp\/v2\/comments?post=649119"}],"version-history":[{"count":0,"href":"https:\/\/www.europesays.com\/fr\/wp-json\/wp\/v2\/posts\/649119\/revisions"}],"wp:featuredmedia":[{"embeddable":true,"href":"https:\/\/www.europesays.com\/fr\/wp-json\/wp\/v2\/media\/649120"}],"wp:attachment":[{"href":"https:\/\/www.europesays.com\/fr\/wp-json\/wp\/v2\/media?parent=649119"}],"wp:term":[{"taxonomy":"category","embeddable":true,"href":"https:\/\/www.europesays.com\/fr\/wp-json\/wp\/v2\/categories?post=649119"},{"taxonomy":"post_tag","embeddable":true,"href":"https:\/\/www.europesays.com\/fr\/wp-json\/wp\/v2\/tags?post=649119"}],"curies":[{"name":"wp","href":"https:\/\/api.w.org\/{rel}","templated":true}]}}