{"id":649121,"date":"2026-01-08T10:17:21","date_gmt":"2026-01-08T10:17:21","guid":{"rendered":"https:\/\/www.europesays.com\/fr\/649121\/"},"modified":"2026-01-08T10:17:21","modified_gmt":"2026-01-08T10:17:21","slug":"la-course-au-titre-du-prochain-james-bond-cest-plie","status":"publish","type":"post","link":"https:\/\/www.europesays.com\/fr\/649121\/","title":{"rendered":"La course au titre du prochain James Bond : c\u2019est pli\u00e9 ?"},"content":{"rendered":"<p>Trente\u2011cinq ans, environ 1,83\u00a0m, des yeux bleu\u2011gris, des cheveux ch\u00e2tain fonc\u00e9 facilement \u00ab\u00a0bondisables\u00a0\u00bb en noir, une silhouette \u00e9lanc\u00e9e sans \u00eatre excessivement muscl\u00e9e. Ce profil, ce serait celui de l\u2019acteur britannique Callum Turner, aper\u00e7u dans Fantastic Beasts et plus r\u00e9cemment Masters of the Air. Un visage suffisamment identifiable mais encore relativement discret aupr\u00e8s du grand public, avec en prime des origines populaires qui rappellent celles de Sean Connery et Daniel\u00a0Craig.<\/p>\n<p>\u00a0<\/p>\n<p>Rumeurs bondiennes autour de\u00a0Callum\u00a0Turner<\/p>\n<p>En novembre dernier, des rumeurs indiquaient d\u00e9j\u00e0 que Turner tenait la corde chez les bookmakers pour enfiler le costume de 007. Elles ont encore gagn\u00e9 en intensit\u00e9 lorsque l\u2019acteur a \u00e9t\u00e9 aper\u00e7u en vacances avec sa compagne Dua Lipa en Jama\u00efque. Le couple aurait s\u00e9journ\u00e9 \u00e0 GoldenEye, l\u2019ancienne propri\u00e9t\u00e9 d\u2019Ian Fleming, aujourd\u2019hui transform\u00e9e en h\u00f4tel, un lieu \u00e9videmment charg\u00e9 de\u00a0symboles.<\/p>\n<p>\u00a0<\/p>\n<p>The\u00a0Times reprend l&rsquo;information<\/p>\n<p>Ce week\u2011end, le Daily Mail a remis une pi\u00e8ce dans la machine en affirmant que Turner se vanterait \u00ab\u00a0partout en ville\u00a0\u00bb d\u2019avoir d\u00e9croch\u00e9 le r\u00f4le et que \u00ab\u00a0tout le monde dans son entourage en parle\u00a0\u00bb. En clair, \u00ab\u00a0le pire secret gard\u00e9 qui\u00a0soit\u00a0\u00bb.<\/p>\n<p>\u00a0<\/p>\n<p>Le tablo\u00efd ajoute \u00e9galement que \u00ab\u00a0Dua est aux anges\u00a0\u00bb et qu\u2019elle aurait confi\u00e9 qu\u2019elle adorerait enregistrer le th\u00e8me de Bond. Une petite phrase qui a suffi \u00e0 relancer le bruit m\u00e9diatique, The\u00a0Times et The\u00a0Independent reprenant \u00e0 leur tour\u00a0l\u2019information.<\/p>\n<p>\u00a0<\/p>\n<p>Un autre com\u00e9dien encore dans la\u00a0course\u00a0?<\/p>\n<p>De son c\u00f4t\u00e9, World of Reel nuance l\u2019emballement. Selon ses sources, Turner aurait bel et bien attir\u00e9 l\u2019attention de Denis Villeneuve et d\u2019Amazon\/MGM et serait attendu pour un essai cam\u00e9ra dans les prochaines semaines, mais il n\u2019aurait pas encore d\u00e9croch\u00e9 le r\u00f4le, loin de l\u00e0. Le site ajoute qu\u2019un autre nom resterait dans la course, celui de Jacob\u00a0Elordi.<\/p>\n<p>\u00a0<\/p>\n<p>Quoi qu\u2019il en soit, Villeneuve est actuellement en post\u2011production sur Dune\u00a0: Part\u00a03 et ne devrait pas s\u2019engager sur un interpr\u00e8te imm\u00e9diatement, mais plut\u00f4t au cours de l&rsquo;ann\u00e9e. Steven Knight signe le sc\u00e9nario. Bref, le dossier s\u2019agite. Mais mieux vaut \u00e9viter de s\u2019emballer. Dans l\u2019univers Bond, on a d\u00e9j\u00e0 vu des candidats perdre le r\u00f4le pour moins que \u00e7a. Affaire \u00e0\u00a0suivre.<\/p>\n<p>                        <a class=\"stdButton\" href=\"https:\/\/www.amazon.fr\/dp\/B0CQ3Z966Q?tag=avcesarcom-21&amp;linkCode=osi&amp;th=1&amp;psc=1\" target=\"_blank\" rel=\"noopener\">acheter<\/a><\/p>\n<p>Mourir peut attendre 4K<\/p>\n","protected":false},"excerpt":{"rendered":"Trente\u2011cinq ans, environ 1,83\u00a0m, des yeux bleu\u2011gris, des cheveux ch\u00e2tain fonc\u00e9 facilement \u00ab\u00a0bondisables\u00a0\u00bb en noir, une silhouette \u00e9lanc\u00e9e&hellip;\n","protected":false},"author":2,"featured_media":649122,"comment_status":"","ping_status":"","sticky":false,"template":"","format":"standard","meta":{"footnotes":""},"categories":[1354],"tags":[30714,11668,650,33217,58,21687,59,1346,1011,27,35104,1677,1360,68709],"class_list":{"0":"post-649121","1":"post","2":"type-post","3":"status-publish","4":"format-standard","5":"has-post-thumbnail","7":"category-films","8":"tag-callum-turner","9":"tag-casting","10":"tag-cinema","11":"tag-denis-villeneuve","12":"tag-divertissement","13":"tag-dua-lipa","14":"tag-entertainment","15":"tag-films","16":"tag-fr","17":"tag-france","18":"tag-jacob-elordi","19":"tag-james-bond","20":"tag-movies","21":"tag-steven-knight"},"share_on_mastodon":{"url":"https:\/\/pubeurope.com\/@fr\/115858967839762869","error":""},"_links":{"self":[{"href":"https:\/\/www.europesays.com\/fr\/wp-json\/wp\/v2\/posts\/649121","targetHints":{"allow":["GET"]}}],"collection":[{"href":"https:\/\/www.europesays.com\/fr\/wp-json\/wp\/v2\/posts"}],"about":[{"href":"https:\/\/www.europesays.com\/fr\/wp-json\/wp\/v2\/types\/post"}],"author":[{"embeddable":true,"href":"https:\/\/www.europesays.com\/fr\/wp-json\/wp\/v2\/users\/2"}],"replies":[{"embeddable":true,"href":"https:\/\/www.europesays.com\/fr\/wp-json\/wp\/v2\/comments?post=649121"}],"version-history":[{"count":0,"href":"https:\/\/www.europesays.com\/fr\/wp-json\/wp\/v2\/posts\/649121\/revisions"}],"wp:featuredmedia":[{"embeddable":true,"href":"https:\/\/www.europesays.com\/fr\/wp-json\/wp\/v2\/media\/649122"}],"wp:attachment":[{"href":"https:\/\/www.europesays.com\/fr\/wp-json\/wp\/v2\/media?parent=649121"}],"wp:term":[{"taxonomy":"category","embeddable":true,"href":"https:\/\/www.europesays.com\/fr\/wp-json\/wp\/v2\/categories?post=649121"},{"taxonomy":"post_tag","embeddable":true,"href":"https:\/\/www.europesays.com\/fr\/wp-json\/wp\/v2\/tags?post=649121"}],"curies":[{"name":"wp","href":"https:\/\/api.w.org\/{rel}","templated":true}]}}