{"id":649123,"date":"2026-01-08T10:18:22","date_gmt":"2026-01-08T10:18:22","guid":{"rendered":"https:\/\/www.europesays.com\/fr\/649123\/"},"modified":"2026-01-08T10:18:22","modified_gmt":"2026-01-08T10:18:22","slug":"ce-somnifere-pourrait-changer-la-prise-en-charge-dalzheimer","status":"publish","type":"post","link":"https:\/\/www.europesays.com\/fr\/649123\/","title":{"rendered":"ce somnif\u00e8re pourrait changer la prise en charge d\u2019Alzheimer"},"content":{"rendered":"<p>La <a href=\"https:\/\/www.futura-sciences.com\/sante\/actualites\/maladie-alzheimer-ia-predit-maladie-alzheimer-jusqua-sept-ans-avant-apparition-symptomes-112021\/\" title=\"Une IA pr\u00e9dit la maladie d&#039;Alzheimer jusqu&#039;\u00e0 sept ans avant l&#039;apparition des sympt\u00f4mes !\" target=\"_blank\" rel=\"noopener\">maladie d&rsquo;Alzheimer<\/a> reste un d\u00e9fi majeur pour la m\u00e9decine moderne. D&rsquo;un autre c\u00f4t\u00e9, une \u00e9tude publi\u00e9e en 2023 par l&rsquo;Universit\u00e9 Washington \u00e0 St. Louis apporte un nouvel \u00e9clairage sur le lien entre le sommeil et cette pathologie neurod\u00e9g\u00e9n\u00e9rative. Les chercheurs ont constat\u00e9 qu&rsquo;un m\u00e9dicament couramment prescrit contre l&rsquo;insomnie pourrait avoir des effets b\u00e9n\u00e9fiques inattendus sur les marqueurs mol\u00e9culaires de la maladie.<\/p>\n<p>La saviez-vous ? Certains aliments seraient responsables d&rsquo;un risque accru de d\u00e9velopper la maladie d&rsquo;Alzheimer. D\u00e9cryptage dans <a href=\"https:\/\/linktr.ee\/Fil_de_Science\" target=\"_blank\" rel=\"noopener\">La Sant\u00e9 sur \u00c9coute<\/a>. \u00a9 FuturaLe sommeil, un alli\u00e9 inattendu contre Alzheimer<\/p>\n<p>Le sommeil joue un r\u00f4le crucial dans la sant\u00e9 c\u00e9r\u00e9brale. Des \u00e9tudes ant\u00e9rieures ont \u00e9tabli un lien entre les <a href=\"https:\/\/www.futura-sciences.com\/sante\/actualites\/sommeil-lien-etabli-troubles-sommeil-paradoxal-troubles-mentaux-74488\/\" title=\"Un lien \u00e9tabli entre troubles du sommeil paradoxal et troubles mentaux\" target=\"_blank\" rel=\"noopener\">troubles du sommeil<\/a> et le d\u00e9veloppement de la maladie d&rsquo;Alzheimer. En effet, les perturbations du sommeil peuvent \u00eatre un signe pr\u00e9curseur de la maladie, apparaissant bien avant les sympt\u00f4mes cognitifs classiques comme la <a href=\"https:\/\/www.futura-sciences.com\/sante\/actualites\/memoire-mots-croises-jeux-video-quest-ce-mieux-perte-memoire-101573\/\" title=\"Mots-crois\u00e9s ou jeux vid\u00e9o : qu\u2019est-ce qui est mieux contre la perte de m\u00e9moire ?\" target=\"_blank\" rel=\"noopener\">perte de m\u00e9moire<\/a>.<\/p>\n<p>Les scientifiques pensent que le sommeil permet au <a href=\"https:\/\/www.futura-sciences.com\/sante\/definitions\/biologie-cerveau-3125\/\" target=\"_blank\" rel=\"noopener\">cerveau<\/a> de se \u00ab nettoyer \u00bb\u00a0en \u00e9liminant les <a href=\"https:\/\/www.futura-sciences.com\/sante\/definitions\/biologie-proteine-237\/\" target=\"_blank\" rel=\"noopener\">prot\u00e9ines<\/a> toxiques accumul\u00e9es pendant la journ\u00e9e. Parmi ces prot\u00e9ines, on trouve notamment :<\/p>\n<p>Ces deux prot\u00e9ines sont connues pour former des agr\u00e9gats dans le cerveau des patients atteints d&rsquo;<a href=\"https:\/\/www.futura-sciences.com\/sante\/actualites\/maladie-pas-plus-vers-vaccin-alzheimer-44078\/\" title=\"Un pas de plus vers un vaccin contre Alzheimer ?\" target=\"_blank\" rel=\"noopener\">Alzheimer<\/a>. L&rsquo;accumulation de ces prot\u00e9ines est consid\u00e9r\u00e9e comme un facteur cl\u00e9 dans le d\u00e9veloppement de la maladie.<\/p>\n<p class=\"fs-media\">\n<p><img decoding=\"async\" data-imgid=\"full\" src=\"https:\/\/www.europesays.com\/fr\/wp-content\/uploads\/2025\/11\/somnifere-alzheimer.png\" width=\"1080\" height=\"720\" alt=\"\" loading=\"lazy\"\/><br \/>\nCe somnif\u00e8re populaire pourrait aider \u00e0 lutter contre la maladie d&rsquo;Alzheimer. \u00a9 glegorly, iStock<\/p>\n<p>Le suvorexant : un somnif\u00e8re aux propri\u00e9t\u00e9s inattendues<\/p>\n<p>L&rsquo;\u00e9tude men\u00e9e par le Dr Brendan Lucey et son \u00e9quipe s&rsquo;est concentr\u00e9e sur le suvorexant, un m\u00e9dicament couramment prescrit pour <a href=\"https:\/\/www.futura-sciences.com\/sante\/questions-reponses\/effet-sommeil-sante-traitement-insomnie-601\/\" title=\"Quel traitement contre l&#039;insomnie ?\" target=\"_blank\" rel=\"noopener\">traiter l&rsquo;insomnie<\/a>. Les r\u00e9sultats sont surprenants : apr\u00e8s seulement deux nuits de traitement, les participants ont pr\u00e9sent\u00e9 une l\u00e9g\u00e8re diminution des taux de b\u00eata-amylo\u00efde et de tau dans leur <a href=\"https:\/\/www.futura-sciences.com\/sciences\/definitions\/chimie-liquide-15334\/\" target=\"_blank\" rel=\"noopener\">liquide<\/a> <a href=\"https:\/\/www.futura-sciences.com\/sante\/definitions\/medecine-cephalo-3123\/\" target=\"_blank\" rel=\"noopener\">c\u00e9phalo<\/a>-rachidien.<\/p>\n<p>Voici un tableau r\u00e9capitulatif des principaux r\u00e9sultats :<\/p>\n<tr>\n<td>\n<p>Prot\u00e9ine<\/p>\n<\/td>\n<td>\n<p>R\u00e9duction observ\u00e9e<\/p>\n<\/td>\n<td>\n<p><a href=\"https:\/\/www.futura-sciences.com\/sciences\/definitions\/physique-duree-14966\/\" target=\"_blank\" rel=\"noopener\">Dur\u00e9e<\/a> de l&rsquo;effet<\/p>\n<\/td>\n<\/tr>\n<tr>\n<td>\n<p>B\u00eata-amylo\u00efde<\/p>\n<\/td>\n<td>\n<p>10-20 %<\/p>\n<\/td>\n<td>\n<p>36 heures<\/p>\n<\/td>\n<\/tr>\n<tr>\n<td>\n<p>Tau hyperphosphoryl\u00e9e<\/p>\n<\/td>\n<td>\n<p>Variable<\/p>\n<\/td>\n<td>\n<p>24 heures<\/p>\n<\/td>\n<\/tr>\n<p>Bien que ces r\u00e9sultats soient encourageants, le Dr Lucey souligne qu&rsquo;il serait pr\u00e9matur\u00e9 de consid\u00e9rer le suvorexant comme un traitement pr\u00e9ventif contre Alzheimer. L&rsquo;\u00e9tude, limit\u00e9e dans sa dur\u00e9e et son \u00e9chantillon, n\u00e9cessite des recherches compl\u00e9mentaires pour confirmer ces effets \u00e0 long terme.<\/p>\n<p>Vers de nouvelles pistes th\u00e9rapeutiques<\/p>\n<p>Cette d\u00e9couverte ouvre de nouvelles perspectives dans la recherche sur la maladie d&rsquo;Alzheimer. Jusqu&rsquo;\u00e0 pr\u00e9sent, les traitements visant \u00e0 r\u00e9duire l&rsquo;accumulation de prot\u00e9ines toxiques n&rsquo;ont pas donn\u00e9 les r\u00e9sultats escompt\u00e9s. Cette approche innovante, ciblant le sommeil, pourrait offrir une alternative prometteuse.<\/p>\n<p>N\u00e9anmoins, il est vital de noter que l&rsquo;utilisation prolong\u00e9e de <a href=\"https:\/\/www.futura-sciences.com\/sante\/definitions\/deficit-sommeil-somnifere-15670\/\" target=\"_blank\" rel=\"noopener\">somnif\u00e8res<\/a> n&rsquo;est pas sans risques. Les effets secondaires potentiels incluent :<\/p>\n<p>Le Dr Lucey insiste sur l&rsquo;importance d&rsquo;<a href=\"https:\/\/www.futura-sciences.com\/sante\/questions-reponses\/sommeil-ameliorer-son-sommeil-18017\/\" title=\"Comment am\u00e9liorer son sommeil ?\" target=\"_blank\" rel=\"noopener\">am\u00e9liorer l&rsquo;hygi\u00e8ne du sommeil<\/a>\u00a0et de traiter les <a href=\"https:\/\/www.futura-sciences.com\/sante\/definitions\/sommeil-trouble-sommeil-13495\/\" target=\"_blank\" rel=\"noopener\">troubles du sommeil<\/a> existants, comme l&rsquo;<a href=\"https:\/\/www.futura-sciences.com\/sante\/definitions\/medecine-apnee-sommeil-14154\/\" target=\"_blank\" rel=\"noopener\">apn\u00e9e du sommeil<\/a>, pour maintenir une bonne sant\u00e9 c\u00e9r\u00e9brale \u00e0 tout \u00e2ge.<\/p>\n<p>Un espoir prudent pour l&rsquo;avenir<\/p>\n<p>Bien que cette \u00e9tude apporte un nouvel \u00e9clairage sur le lien entre sommeil et maladie d&rsquo;Alzheimer, il reste encore beaucoup de chemin \u00e0 parcourir. Les chercheurs esp\u00e8rent d\u00e9velopper des m\u00e9dicaments exploitant cette connexion pour <a href=\"https:\/\/www.futura-sciences.com\/sante\/actualites\/cerveau-cocktail-vitamines-mineraux-pourrait-prevenir-declin-cognitif-98395\/\" title=\"Un cocktail de vitamines et de min\u00e9raux pourrait pr\u00e9venir le d\u00e9clin cognitif\" target=\"_blank\" rel=\"noopener\">pr\u00e9venir le d\u00e9clin cognitif<\/a>. Toutefois, comme le rappelle le Dr Lucey, \u00ab\u00a0nous n&rsquo;en sommes pas encore l\u00e0\u00a0\u00bb.<\/p>\n<p>En attendant de nouvelles avanc\u00e9es, l&rsquo;importance d&rsquo;un sommeil de qualit\u00e9 pour la sant\u00e9 c\u00e9r\u00e9brale est plus que jamais soulign\u00e9e. Cette \u00e9tude, publi\u00e9e dans les <a href=\"https:\/\/onlinelibrary.wiley.com\/doi\/full\/10.1002\/ana.26641\" title=\"Suvorexant Acutely Decreases Tau Phosphorylation and A\u03b2 in the Human CNS\" target=\"_blank\" rel=\"noopener\">Annals of Neurology<\/a>, marque une \u00e9tape encourageante dans la compr\u00e9hension et la lutte contre la maladie d&rsquo;Alzheimer.<\/p>\n","protected":false},"excerpt":{"rendered":"La maladie d&rsquo;Alzheimer reste un d\u00e9fi majeur pour la m\u00e9decine moderne. D&rsquo;un autre c\u00f4t\u00e9, une \u00e9tude publi\u00e9e en&hellip;\n","protected":false},"author":2,"featured_media":649124,"comment_status":"","ping_status":"","sticky":false,"template":"","format":"standard","meta":{"footnotes":""},"categories":[10],"tags":[64983,231,286,281,1011,27,72,278,70049,7081,16292,280,64982,40644,64984,71,279,287,64985,1257],"class_list":{"0":"post-649123","1":"post","2":"type-post","3":"status-publish","4":"format-standard","5":"has-post-thumbnail","7":"category-sante","8":"tag-beta-amyloide","9":"tag-cerveau","10":"tag-declin-cognitif","11":"tag-demence","12":"tag-fr","13":"tag-france","14":"tag-health","15":"tag-les-tendances","16":"tag-maladie-d039alzheimer","17":"tag-maladie-neurodegenerative","18":"tag-medicaments","19":"tag-memoire","20":"tag-neurodegenerative","21":"tag-perte-de-memoire","22":"tag-proteine-tau","23":"tag-sante","24":"tag-sommeil","25":"tag-somnifere","26":"tag-suvorexant","27":"tag-troubles-du-sommeil"},"share_on_mastodon":{"url":"https:\/\/pubeurope.com\/@fr\/115858971769033027","error":""},"_links":{"self":[{"href":"https:\/\/www.europesays.com\/fr\/wp-json\/wp\/v2\/posts\/649123","targetHints":{"allow":["GET"]}}],"collection":[{"href":"https:\/\/www.europesays.com\/fr\/wp-json\/wp\/v2\/posts"}],"about":[{"href":"https:\/\/www.europesays.com\/fr\/wp-json\/wp\/v2\/types\/post"}],"author":[{"embeddable":true,"href":"https:\/\/www.europesays.com\/fr\/wp-json\/wp\/v2\/users\/2"}],"replies":[{"embeddable":true,"href":"https:\/\/www.europesays.com\/fr\/wp-json\/wp\/v2\/comments?post=649123"}],"version-history":[{"count":0,"href":"https:\/\/www.europesays.com\/fr\/wp-json\/wp\/v2\/posts\/649123\/revisions"}],"wp:featuredmedia":[{"embeddable":true,"href":"https:\/\/www.europesays.com\/fr\/wp-json\/wp\/v2\/media\/649124"}],"wp:attachment":[{"href":"https:\/\/www.europesays.com\/fr\/wp-json\/wp\/v2\/media?parent=649123"}],"wp:term":[{"taxonomy":"category","embeddable":true,"href":"https:\/\/www.europesays.com\/fr\/wp-json\/wp\/v2\/categories?post=649123"},{"taxonomy":"post_tag","embeddable":true,"href":"https:\/\/www.europesays.com\/fr\/wp-json\/wp\/v2\/tags?post=649123"}],"curies":[{"name":"wp","href":"https:\/\/api.w.org\/{rel}","templated":true}]}}