{"id":649135,"date":"2026-01-08T10:24:14","date_gmt":"2026-01-08T10:24:14","guid":{"rendered":"https:\/\/www.europesays.com\/fr\/649135\/"},"modified":"2026-01-08T10:24:14","modified_gmt":"2026-01-08T10:24:14","slug":"la-tempete-goretti-approche-de-la-france-la-manche-placee-en-vigilance-rouge","status":"publish","type":"post","link":"https:\/\/www.europesays.com\/fr\/649135\/","title":{"rendered":"La temp\u00eate Goretti approche de la France, la Manche plac\u00e9e en vigilance rouge"},"content":{"rendered":"<p>        <img decoding=\"async\" loading=\"lazy\" src=\"https:\/\/www.europesays.com\/fr\/wp-content\/uploads\/2026\/01\/8d24c29_sirius-fs-upload-1-mmosmaqdxjos-1737964018624-capture-da-a-cran-2025-01-27-084649.png\"  width=\"728\" height=\"410\" alt=\"Le temp\u00eate Goretti approche de la France, la Manche plac\u00e9e en vigilance rouge (image d\u2019illustration)\"\/>   <\/p>\n<p>Le temp\u00eate Goretti approche de la France, la Manche plac\u00e9e en vigilance rouge (image d\u2019illustration)<\/p>\n<p class=\"asset asset-text\">Gare au coup de vent. <a href=\"https:\/\/www.huffingtonpost.fr\/environnement\/article\/pourquoi-meme-sans-record-majeur-l-annee-2025-illustre-trop-bien-le-rechauffement-climatique_258258.html\" target=\"_blank\" rel=\"noopener\">M\u00e9t\u00e9o-France<\/a> place le d\u00e9partement de la Manche en vigilance rouge ce jeudi 8\u00a0janvier \u00e0 partir de 21\u00a0heures en raison de la temp\u00eate Goretti qui va frapper la France, selon le bulletin m\u00e9t\u00e9o du pr\u00e9visionniste publi\u00e9 \u00e0 6\u00a0heures.<\/p>\n<p class=\"asset asset-text\">\u00ab\u00a0La temp\u00eate Goretti circule en Manche entre jeudi soir et vendredi matin, selon une trajectoire un peu plus sud qu\u2019envisag\u00e9 hier, occasionnant donc des vents temp\u00e9tueux sur une large partie nord-ouest du pays\u00a0\u00bb, pr\u00e9cise M\u00e9t\u00e9o-France, selon qui \u00ab\u00a0les rafales attei(ndront) 150 \u00e0 160\u00a0km\/h sur la c\u00f4te et 130 \u00e0 140\u00a0km\/h dans l\u2019int\u00e9rieur\u00a0\u00bb.<\/p>\n<p class=\"asset asset-text\">M\u00e9t\u00e9o-France place \u00e9galement \u00ab\u00a0la Bretagne, la Normandie, l\u2019\u00eele de France, les Hauts-de-France, une partie des Pays de Loire et du Poitou, la Charente-Maritime\u00a0\u00bb en vigilance orange vent \u00e0 partir de 16\u00a0heures, mais attention, la situation pourrait \u00e9voluer d\u2019ici la fin de la journ\u00e9e notamment dans le Calvados et la Seine-Maritime qui pourraient aussi passer en rouge.<\/p>\n<p>    Trois d\u00e9partements en vigilance orange neige-verglas    <\/p>\n<p class=\"asset asset-text\">\u00ab\u00a0De fortes rafales sont \u00e9galement possibles sur certains des d\u00e9partements en vigilance jaune. Il convient donc de se tenir inform\u00e9 de l\u2019\u00e9volution de la vigilance\u00a0\u00bb, pr\u00e9vient encore l\u2019organisme m\u00e9t\u00e9o de r\u00e9f\u00e9rence. Les trains ne circuleront pas ce jeudi soir en Normandie (\u00e0 partir de 19h dans la Manche, 22h dans toute la r\u00e9gion).<\/p>\n<p class=\"asset asset-text\">\u00ab\u00a0Par ailleurs, cette temp\u00eate va g\u00e9n\u00e9rer de fortes vagues d\u2019ouest. Ces vagues pourraient s\u2019accentuer en soir\u00e9e, n\u00e9cessitant une aggravation de la vigilance vers du orange pour les d\u00e9partements de l\u2019ouest Manche pour la pleine mer de jeudi soir vers 23h\u00a0\u00bb, est-il ajout\u00e9 dans ce bulletin. Le Calvados, la Seine-Maritime et la Somme seront en vigilance orange vagues-submersion vendredi matin.<\/p>\n<p> La lecture de ce contenu est susceptible d\u2019entra\u00eener un d\u00e9p\u00f4t de cookies de la part de l\u2019op\u00e9rateur tiers qui l\u2019h\u00e9berge. Compte-tenu des choix que vous avez exprim\u00e9s en mati\u00e8re de d\u00e9p\u00f4t de cookies, nous avons bloqu\u00e9 l\u2019affichage de ce contenu. Si vous souhaitez y acc\u00e9der, vous devez accepter la cat\u00e9gorie de cookies \u201cContenus tiers\u201d en cliquant sur le bouton ci-dessous. <\/p>\n<p> Lire la Vid\u00e9o        <\/p>\n<p class=\"asset asset-text\">\u00c0 noter que la perturbation neigeuse n\u2019est pas termin\u00e9e, comme vous pouvez le voir sur la carte ci-dessus. Trois d\u00e9partements (Haute-Savoie, Savoie et le Vaucluse) sont en effet toujours en vigilance orange neige-verglas jusqu\u2019\u00e0 15\u00a0heures ce jeudi.<\/p>\n","protected":false},"excerpt":{"rendered":"Le temp\u00eate Goretti approche de la France, la Manche plac\u00e9e en vigilance rouge (image d\u2019illustration) Gare au coup&hellip;\n","protected":false},"author":2,"featured_media":649136,"comment_status":"","ping_status":"","sticky":false,"template":"","format":"standard","meta":{"footnotes":""},"categories":[4],"tags":[11,1011,27,2487,12,25,7919,35567],"class_list":{"0":"post-649135","1":"post","2":"type-post","3":"status-publish","4":"format-standard","5":"has-post-thumbnail","7":"category-france","8":"tag-actualites","9":"tag-fr","10":"tag-france","11":"tag-meteo","12":"tag-news","13":"tag-republique-francaise","14":"tag-vent","15":"tag-vigilance-rouge"},"share_on_mastodon":{"url":"https:\/\/pubeurope.com\/@fr\/115858994998886361","error":""},"_links":{"self":[{"href":"https:\/\/www.europesays.com\/fr\/wp-json\/wp\/v2\/posts\/649135","targetHints":{"allow":["GET"]}}],"collection":[{"href":"https:\/\/www.europesays.com\/fr\/wp-json\/wp\/v2\/posts"}],"about":[{"href":"https:\/\/www.europesays.com\/fr\/wp-json\/wp\/v2\/types\/post"}],"author":[{"embeddable":true,"href":"https:\/\/www.europesays.com\/fr\/wp-json\/wp\/v2\/users\/2"}],"replies":[{"embeddable":true,"href":"https:\/\/www.europesays.com\/fr\/wp-json\/wp\/v2\/comments?post=649135"}],"version-history":[{"count":0,"href":"https:\/\/www.europesays.com\/fr\/wp-json\/wp\/v2\/posts\/649135\/revisions"}],"wp:featuredmedia":[{"embeddable":true,"href":"https:\/\/www.europesays.com\/fr\/wp-json\/wp\/v2\/media\/649136"}],"wp:attachment":[{"href":"https:\/\/www.europesays.com\/fr\/wp-json\/wp\/v2\/media?parent=649135"}],"wp:term":[{"taxonomy":"category","embeddable":true,"href":"https:\/\/www.europesays.com\/fr\/wp-json\/wp\/v2\/categories?post=649135"},{"taxonomy":"post_tag","embeddable":true,"href":"https:\/\/www.europesays.com\/fr\/wp-json\/wp\/v2\/tags?post=649135"}],"curies":[{"name":"wp","href":"https:\/\/api.w.org\/{rel}","templated":true}]}}