{"id":64914,"date":"2025-04-30T17:37:08","date_gmt":"2025-04-30T17:37:08","guid":{"rendered":"https:\/\/www.europesays.com\/fr\/64914\/"},"modified":"2025-04-30T17:37:08","modified_gmt":"2025-04-30T17:37:08","slug":"tout-pres-de-lille-un-marche-nocturne-vous-attend-ce-samedi-dans-un-magnifique-parc","status":"publish","type":"post","link":"https:\/\/www.europesays.com\/fr\/64914\/","title":{"rendered":"Tout pr\u00e8s de Lille, un march\u00e9 nocturne vous attend ce samedi dans un magnifique parc"},"content":{"rendered":"<p>            Par<br \/>\n        <strong><br \/>\n            <a href=\"https:\/\/actu.fr\/auteur\/nicolas-demollien\" title=\"Consulter tous les articles de Nicolas Demollien\" rel=\"nofollow noopener\" target=\"_blank\">Nicolas Demollien<\/a><br \/>\n        <\/strong><\/p>\n<p>        Publi\u00e9 le<\/p>\n<p>            30 avr. 2025 \u00e0 18h50        <\/p>\n<p>Au retour des beaux jours, ils connaissent toujours un succ\u00e8s fou\u2009! Ce samedi 3\u00a0mai 2025, un <b>march\u00e9 nocturne<\/b> est organis\u00e9 \u00e0 <a href=\"https:\/\/actu.fr\/hauts-de-france\/wambrechies_59636\" rel=\"nofollow noopener\" target=\"_blank\">Wambrechies<\/a>, tout pr\u00e8s de <a href=\"https:\/\/actu.fr\/hauts-de-france\/lille_59350\" rel=\"nofollow noopener\" target=\"_blank\">Lille<\/a> (Nord). L\u2019occasion de d<b>\u00e9nicher quelques p\u00e9pites<\/b> et d\u00e9couvrir des <b>artisans talentueux<\/b>, le tout dans le <b>magnifique cadre du parc de Robersar<\/b><b>t.<\/b><\/p>\n<p>Un march\u00e9 nocturne \u00e0 Wambrechies, tout pr\u00e8s de Lille<\/p>\n<p class=\" wall-content\">D\u00e9sormais r\u00e9put\u00e9, l\u2019\u00e9v\u00e9nement se d\u00e9roulera de 16\u2009h \u00e0 22\u2009h. Vous trouverez sur place de nombreux commer\u00e7ants et cr\u00e9ateurs venus des quatre coins des <a href=\"https:\/\/actu.fr\/hauts-de-france\/\" rel=\"nofollow noopener\" target=\"_blank\">Hauts-de-France<\/a> qui viendront proposer leurs produits et exposer leur travail temps d\u2019une soir\u00e9e. \u00ab\u2009Les promeneurs pourront alors d\u00e9couvrir diff\u00e9rents stands, \u00e9couter de la musique et se restaurer\u2009\u00bb, soufflent \u00e9galement les organisateurs.<\/p>\n<p class=\" wall-content\">En effet, une buvette et des food-trucks seront propos\u00e9s sur place. L\u2019occasion de se faire plaisir et de passer un bon moment dans le cadre vert du parc de Robersart, \u00e0 quelques pas des bords de De\u00fble.<\/p>\n<p>    <a href=\"https:\/\/www.facebook.com\/plugins\/post.php?href=https%3A%2F%2Fwww.facebook.com%2Fpermalink.php%3Fstory_fbid%3Dpfbid02xKGjj8VDjYtVzxRVauAJvD2qbu1geEZvLwyirKoitFkaJBpNH3byGRyUwxgSNwy9l%26id%3D100064062071480&amp;show_text=true&amp;width=350\" title=\"Ouvrie le lien\" rel=\"nofollow noopener\" target=\"_blank\">Cliquez ici pour visualiser le contenu<\/a><\/p>\n<p class=\" wall-content\">Entr\u00e9e gratuite. Plus d\u2019informations sur le site <a href=\"https:\/\/www.wambrechies.fr\/sur-votre-agenda\/marche-artisanal-nocturne\" rel=\"nofollow noopener\" target=\"_blank\">wambrechies.fr<\/a>.<\/p>\n<p>Vid\u00e9os : en ce moment sur Actu<\/p>\n<p class=\" wall-content\">Suivez toute l\u2019actualit\u00e9 de vos villes et m\u00e9dias favoris en vous inscrivant \u00e0 <a href=\"https:\/\/moncompte.actu.fr\" title=\"D\u00e9couvez Mon Actu\" rel=\"nofollow noopener\" data-trk=\"{&quot;cta&quot;:{&quot;action&quot;:&quot;https:\\\/\\\/moncompte.actu.fr&quot;,&quot;category&quot;:&quot;mon compte&quot;,&quot;from&quot;:&quot;article footer&quot;,&quot;name&quot;:&quot;Mon actu&quot;,&quot;type&quot;:&quot;cta&quot;}}\" target=\"_blank\">Mon Actu<\/a>.<\/p>\n","protected":false},"excerpt":{"rendered":"Par Nicolas Demollien Publi\u00e9 le 30 avr. 2025 \u00e0 18h50 Au retour des beaux jours, ils connaissent toujours&hellip;\n","protected":false},"author":2,"featured_media":64915,"comment_status":"","ping_status":"","sticky":false,"template":"","format":"standard","meta":{"footnotes":""},"categories":[2815],"tags":[1111,11,1477,1777,674,1011,27,811,1307,1652,2089,12,25],"class_list":{"0":"post-64914","1":"post","2":"type-post","3":"status-publish","4":"format-standard","5":"has-post-thumbnail","7":"category-lille","8":"tag-actu","9":"tag-actualites","10":"tag-artisanat","11":"tag-eu","12":"tag-europe","13":"tag-fr","14":"tag-france","15":"tag-hauts-de-france","16":"tag-lille","17":"tag-loisirs-culture","18":"tag-marche","19":"tag-news","20":"tag-republique-francaise"},"share_on_mastodon":{"url":"https:\/\/pubeurope.com\/@fr\/114428132953657558","error":""},"_links":{"self":[{"href":"https:\/\/www.europesays.com\/fr\/wp-json\/wp\/v2\/posts\/64914","targetHints":{"allow":["GET"]}}],"collection":[{"href":"https:\/\/www.europesays.com\/fr\/wp-json\/wp\/v2\/posts"}],"about":[{"href":"https:\/\/www.europesays.com\/fr\/wp-json\/wp\/v2\/types\/post"}],"author":[{"embeddable":true,"href":"https:\/\/www.europesays.com\/fr\/wp-json\/wp\/v2\/users\/2"}],"replies":[{"embeddable":true,"href":"https:\/\/www.europesays.com\/fr\/wp-json\/wp\/v2\/comments?post=64914"}],"version-history":[{"count":0,"href":"https:\/\/www.europesays.com\/fr\/wp-json\/wp\/v2\/posts\/64914\/revisions"}],"wp:featuredmedia":[{"embeddable":true,"href":"https:\/\/www.europesays.com\/fr\/wp-json\/wp\/v2\/media\/64915"}],"wp:attachment":[{"href":"https:\/\/www.europesays.com\/fr\/wp-json\/wp\/v2\/media?parent=64914"}],"wp:term":[{"taxonomy":"category","embeddable":true,"href":"https:\/\/www.europesays.com\/fr\/wp-json\/wp\/v2\/categories?post=64914"},{"taxonomy":"post_tag","embeddable":true,"href":"https:\/\/www.europesays.com\/fr\/wp-json\/wp\/v2\/tags?post=64914"}],"curies":[{"name":"wp","href":"https:\/\/api.w.org\/{rel}","templated":true}]}}