{"id":649143,"date":"2026-01-08T10:26:15","date_gmt":"2026-01-08T10:26:15","guid":{"rendered":"https:\/\/www.europesays.com\/fr\/649143\/"},"modified":"2026-01-08T10:26:15","modified_gmt":"2026-01-08T10:26:15","slug":"saint-etienne-quatre-mineurs-interpelles-apres-un-vol-par-effraction-au-cinema-le-melies","status":"publish","type":"post","link":"https:\/\/www.europesays.com\/fr\/649143\/","title":{"rendered":"Saint-\u00c9tienne : quatre mineurs interpell\u00e9s apr\u00e8s un vol par effraction au cin\u00e9ma Le M\u00e9li\u00e8s"},"content":{"rendered":"<p>Un vol par effraction a vis\u00e9 le cin\u00e9ma Le M\u00e9li\u00e8s Saint-Fran\u00e7ois, \u00e0 Saint-\u00c9tienne, dans la soir\u00e9e du 5 janvier. Quatre adolescents \u00e2g\u00e9s de 14 \u00e0 16 ans ont \u00e9t\u00e9 interpell\u00e9s \u00e0 proximit\u00e9 imm\u00e9diate des faits par la police.<\/p>\n<p>Les faits se sont d\u00e9roul\u00e9s aux alentours de 22 heures, le 5 janvier, au cin\u00e9ma Le M\u00e9li\u00e8s Saint-Fran\u00e7ois \u00e0 Saint-\u00c9tienne. Alert\u00e9s apr\u00e8s une effraction, les policiers de la Brigade sp\u00e9cialis\u00e9e terrain (BST) sont rapidement intervenus sur place. \u00c0 quelques m\u00e8tres seulement de l\u2019\u00e9tablissement, sous un porche, ils interpellent quatre individus correspondant au signalement diffus\u00e9.<\/p>\n<p>Il s\u2019agit de quatre jeunes \u00e2g\u00e9s de 14 \u00e0 16 ans. Pour acc\u00e9der au cin\u00e9ma, ils auraient fractur\u00e9 une porte situ\u00e9e dans un immeuble adjacent. Lors de leur interpellation, les adolescents \u00e9taient en possession de pi\u00e8ces de monnaie ainsi que d\u2019une bo\u00eete en verre, pr\u00e9sum\u00e9es provenir du vol. Les quatre mineurs seront convoqu\u00e9s devant le tribunal pour enfants.<\/p>\n","protected":false},"excerpt":{"rendered":"Un vol par effraction a vis\u00e9 le cin\u00e9ma Le M\u00e9li\u00e8s Saint-Fran\u00e7ois, \u00e0 Saint-\u00c9tienne, dans la soir\u00e9e du 5&hellip;\n","protected":false},"author":2,"featured_media":649144,"comment_status":"","ping_status":"","sticky":false,"template":"","format":"standard","meta":{"footnotes":""},"categories":[9653],"tags":[1111,11,2430,1777,674,1011,27,12,25,4001],"class_list":{"0":"post-649143","1":"post","2":"type-post","3":"status-publish","4":"format-standard","5":"has-post-thumbnail","7":"category-saint-etienne","8":"tag-actu","9":"tag-actualites","10":"tag-auvergne-rhone-alpes","11":"tag-eu","12":"tag-europe","13":"tag-fr","14":"tag-france","15":"tag-news","16":"tag-republique-francaise","17":"tag-saint-etienne"},"share_on_mastodon":{"url":"https:\/\/pubeurope.com\/@fr\/115859002770139571","error":""},"_links":{"self":[{"href":"https:\/\/www.europesays.com\/fr\/wp-json\/wp\/v2\/posts\/649143","targetHints":{"allow":["GET"]}}],"collection":[{"href":"https:\/\/www.europesays.com\/fr\/wp-json\/wp\/v2\/posts"}],"about":[{"href":"https:\/\/www.europesays.com\/fr\/wp-json\/wp\/v2\/types\/post"}],"author":[{"embeddable":true,"href":"https:\/\/www.europesays.com\/fr\/wp-json\/wp\/v2\/users\/2"}],"replies":[{"embeddable":true,"href":"https:\/\/www.europesays.com\/fr\/wp-json\/wp\/v2\/comments?post=649143"}],"version-history":[{"count":0,"href":"https:\/\/www.europesays.com\/fr\/wp-json\/wp\/v2\/posts\/649143\/revisions"}],"wp:featuredmedia":[{"embeddable":true,"href":"https:\/\/www.europesays.com\/fr\/wp-json\/wp\/v2\/media\/649144"}],"wp:attachment":[{"href":"https:\/\/www.europesays.com\/fr\/wp-json\/wp\/v2\/media?parent=649143"}],"wp:term":[{"taxonomy":"category","embeddable":true,"href":"https:\/\/www.europesays.com\/fr\/wp-json\/wp\/v2\/categories?post=649143"},{"taxonomy":"post_tag","embeddable":true,"href":"https:\/\/www.europesays.com\/fr\/wp-json\/wp\/v2\/tags?post=649143"}],"curies":[{"name":"wp","href":"https:\/\/api.w.org\/{rel}","templated":true}]}}