{"id":649158,"date":"2026-01-08T10:39:20","date_gmt":"2026-01-08T10:39:20","guid":{"rendered":"https:\/\/www.europesays.com\/fr\/649158\/"},"modified":"2026-01-08T10:39:20","modified_gmt":"2026-01-08T10:39:20","slug":"un-manteau-blanc-recouvre-la-ville","status":"publish","type":"post","link":"https:\/\/www.europesays.com\/fr\/649158\/","title":{"rendered":"un manteau blanc recouvre la ville"},"content":{"rendered":"<p>                    Par<br \/>\n        <strong><br \/>\n            <a href=\"https:\/\/actu.fr\/auteur\/redaction-grenoble\" title=\"Consulter tous les articles de R\u00e9daction Grenoble\" target=\"_blank\" rel=\"noopener\">R\u00e9daction Grenoble<\/a><br \/>\n                    <\/strong><\/p>\n<p>        Publi\u00e9 le<\/p>\n<p>            8 janv. 2026 \u00e0 10h09        <\/p>\n<p>Elle \u00e9tait annonc\u00e9e depuis plusieurs semaines, sans pour autant tomber\u2009: la neige s\u2019est finalement invit\u00e9e \u00e0 <a href=\"https:\/\/actu.fr\/grenoble\/\" target=\"_blank\" rel=\"noopener\">Grenoble<\/a> en ce d\u00e9but d\u2019ann\u00e9e 2026. T\u00f4t dans la matin\u00e9e de ce jeudi 8\u00a0janvier 2026, un<strong> petit manteau blanc<\/strong> a en effet recouvert la capitale des Alpes et plusieurs autres secteurs en plaine is\u00e9roise.<\/p>\n<p>Une couche de neige de 2\u00a0cm \u00e0 Grenoble<\/p>\n<p class=\" wall-content\"><a href=\"https:\/\/actu.fr\/auvergne-rhone-alpes\/grenoble_38185\/meteo-un-fort-episode-de-neige-se-confirme-a-grenoble-et-en-isere-voici-quand_63662574.html\" target=\"_blank\" rel=\"noopener\">Comme annonc\u00e9 par les sp\u00e9cialistes m\u00e9t\u00e9o<\/a>, la couche de neige <strong>ne d\u00e9passe pas les 2\u00a0cm<\/strong> dans la pr\u00e9fecture de l\u2019Is\u00e8re.<\/p>\n<p class=\" wall-content\">Sur les r\u00e9seaux sociaux, nombre d\u2019internautes ont ainsi partag\u00e9 des clich\u00e9s capt\u00e9s au petit matin.<\/p>\n<p>    <img   decoding=\"async\" loading=\"lazy\" src=\"https:\/\/www.europesays.com\/fr\/wp-content\/uploads\/2026\/01\/neige-grenoble-960x640.jpeg\" alt=\"La neige est tomb\u00e9e \u00e0 Grenoble cette nuit et t\u00f4t ce matin du 8 janvier.\" width=\"960\" height=\"640\"\/><br \/>\n    La neige est tomb\u00e9e \u00e0 Grenoble cette nuit et t\u00f4t ce matin du 8\u00a0janvier. (\u00a9Webcam skaping)<br \/>\n    <a href=\"https:\/\/www.facebook.com\/plugins\/video.php?height=476&amp;href=https%3A%2F%2Fwww.facebook.com%2Freel%2F2733054487055540%2F&amp;show_text=false&amp;width=350&amp;t=0\" title=\"Ouvrie le lien\" target=\"_blank\" rel=\"noopener\">Cliquez ici pour visualiser le contenu<\/a><\/p>\n<p>    <img   decoding=\"async\" loading=\"lazy\" src=\"https:\/\/www.europesays.com\/fr\/wp-content\/uploads\/2026\/01\/neige-a-grenoble-960x640.png\" alt=\"La neige est tomb\u00e9e \u00e0 Grenoble cette nuit et t\u00f4t ce matin du 8 janvier.\" width=\"960\" height=\"640\"\/><br \/>\n    La neige est tomb\u00e9e \u00e0 Grenoble cette nuit et t\u00f4t ce matin du 8\u00a0janvier. (\u00a9Jacques Routier\/Facebook)<br \/>\n    <a href=\"https:\/\/www.facebook.com\/plugins\/video.php?height=476&amp;href=https%3A%2F%2Fwww.facebook.com%2Freel%2F1449376616702515%2F&amp;show_text=false&amp;width=350&amp;t=0\" title=\"Ouvrie le lien\" target=\"_blank\" rel=\"noopener\">Cliquez ici pour visualiser le contenu<\/a><\/p>\n<p>Votre r\u00e9gion, votre actu !<\/p>\n<p>Recevez chaque jour les infos qui comptent pour vous.<\/p>\n<p>\t<a href=\"https:\/\/actu.fr\/newsletter\" class=\"ac-btn ac-btn--corner ac-btn--medium ac-btn--blue800\" target=\"_blank\" rel=\"noopener\">S&rsquo;incrire<\/a><br \/>\nUn nouvel \u00e9pisode neigeux attendu ce week-end<\/p>\n<p class=\" wall-content\">Concernant le reste de la journ\u00e9e de ce jeudi \u00e0 Grenoble, un redoux est attendu dans les prochaines heures\u2009: la neige va progressivement laisser place \u00e0 des <strong>pluies, parfois vergla\u00e7antes<\/strong> au d\u00e9but, avant de passer en pluie seule.<\/p>\n<p class=\" wall-content\">Pour rappel, le d\u00e9partement de l\u2019<a href=\"https:\/\/actu.fr\/auvergne-rhone-alpes\/isere_38\" target=\"_blank\" rel=\"noopener\">Is\u00e8re<\/a> est toujours sous le coup d\u2019une triple vigilance jaune neige\/verglas, grand froid et avalanches ce jeudi.<\/p>\n<p class=\" wall-content\">Selon M\u00e9t\u00e9o-France, l\u2019\u00e9pisode neigeux devrait reprendre au cours de la nuit de vendredi\u00a09 \u00e0 samedi 10\u00a0janvier et durer jusqu\u2019en fin de journ\u00e9e.<\/p>\n<p class=\" wall-content\">Personnalisez votre actualit\u00e9 en ajoutant vos villes et m\u00e9dias en favori avec <a href=\"https:\/\/moncompte.actu.fr\" title=\"D\u00e9couvez Mon Actu\" rel=\"nofollow noopener\" data-trk=\"{&quot;cta&quot;:{&quot;action&quot;:&quot;https:\\\/\\\/moncompte.actu.fr&quot;,&quot;category&quot;:&quot;mon compte&quot;,&quot;from&quot;:&quot;article footer&quot;,&quot;name&quot;:&quot;Mon actu&quot;,&quot;type&quot;:&quot;cta&quot;}}\" target=\"_blank\">Mon Actu<\/a>.<\/p>\n","protected":false},"excerpt":{"rendered":"Par R\u00e9daction Grenoble Publi\u00e9 le 8 janv. 2026 \u00e0 10h09 Elle \u00e9tait annonc\u00e9e depuis plusieurs semaines, sans pour&hellip;\n","protected":false},"author":2,"featured_media":649159,"comment_status":"","ping_status":"","sticky":false,"template":"","format":"standard","meta":{"footnotes":""},"categories":[9566],"tags":[1111,11,2430,1777,674,1011,27,2731,2487,2357,10584,12,25],"class_list":{"0":"post-649158","1":"post","2":"type-post","3":"status-publish","4":"format-standard","5":"has-post-thumbnail","7":"category-grenoble","8":"tag-actu","9":"tag-actualites","10":"tag-auvergne-rhone-alpes","11":"tag-eu","12":"tag-europe","13":"tag-fr","14":"tag-france","15":"tag-grenoble","16":"tag-meteo","17":"tag-meteo-france","18":"tag-neige","19":"tag-news","20":"tag-republique-francaise"},"share_on_mastodon":{"url":"https:\/\/pubeurope.com\/@fr\/115859053923894955","error":""},"_links":{"self":[{"href":"https:\/\/www.europesays.com\/fr\/wp-json\/wp\/v2\/posts\/649158","targetHints":{"allow":["GET"]}}],"collection":[{"href":"https:\/\/www.europesays.com\/fr\/wp-json\/wp\/v2\/posts"}],"about":[{"href":"https:\/\/www.europesays.com\/fr\/wp-json\/wp\/v2\/types\/post"}],"author":[{"embeddable":true,"href":"https:\/\/www.europesays.com\/fr\/wp-json\/wp\/v2\/users\/2"}],"replies":[{"embeddable":true,"href":"https:\/\/www.europesays.com\/fr\/wp-json\/wp\/v2\/comments?post=649158"}],"version-history":[{"count":0,"href":"https:\/\/www.europesays.com\/fr\/wp-json\/wp\/v2\/posts\/649158\/revisions"}],"wp:featuredmedia":[{"embeddable":true,"href":"https:\/\/www.europesays.com\/fr\/wp-json\/wp\/v2\/media\/649159"}],"wp:attachment":[{"href":"https:\/\/www.europesays.com\/fr\/wp-json\/wp\/v2\/media?parent=649158"}],"wp:term":[{"taxonomy":"category","embeddable":true,"href":"https:\/\/www.europesays.com\/fr\/wp-json\/wp\/v2\/categories?post=649158"},{"taxonomy":"post_tag","embeddable":true,"href":"https:\/\/www.europesays.com\/fr\/wp-json\/wp\/v2\/tags?post=649158"}],"curies":[{"name":"wp","href":"https:\/\/api.w.org\/{rel}","templated":true}]}}