{"id":649164,"date":"2026-01-08T10:42:12","date_gmt":"2026-01-08T10:42:12","guid":{"rendered":"https:\/\/www.europesays.com\/fr\/649164\/"},"modified":"2026-01-08T10:42:12","modified_gmt":"2026-01-08T10:42:12","slug":"strasbourg-dumarey-powerglide-va-fermer-victime-de-la-crise-de-lindustrie-automobile-europeenne","status":"publish","type":"post","link":"https:\/\/www.europesays.com\/fr\/649164\/","title":{"rendered":"Strasbourg. Dumarey Powerglide va fermer, victime de la crise de l\u2019industrie automobile europ\u00e9enne"},"content":{"rendered":"<p>Pr\u00e9sident de Dumarey Powerglide Strasbourg (DPS) depuis 15 ans, Arnaud Bailo a annonc\u00e9 ce mercredi aux \u00e9lus du CSE puis au personnel &#8211; 320 salari\u00e9s &#8211; \u00ab\u00a0un projet de cessation des activit\u00e9s au courant de l\u2019ann\u00e9e 2026\u00a0\u00bb. Un projet qui devient \u00ab\u00a0in\u00e9vitable et s\u2019impose \u00e0 nous\u00a0\u00bb, dans un contexte de \u00ab\u00a0crise structurelle majeure\u00a0\u00bb du secteur automobile, explique le patron, joint par t\u00e9l\u00e9phone dans la soir\u00e9e.<\/p>\n<p>Construite en 1967 par le constructeur am\u00e9ricain General Motors, reprise en 2013 par le groupe familial belge Punch (rebaptis\u00e9 ensuite du nom de son fondateur), l\u2019usine fabrique aujourd\u2019hui des composants, des arbres et des pignons qui \u00e9quipent les r\u00e9ducteurs des voitures 100\u00a0% \u00e9lectriques, pour des constructeurs europ\u00e9ens ou des soci\u00e9t\u00e9s qui leur&#8230;<\/p>\n","protected":false},"excerpt":{"rendered":"Pr\u00e9sident de Dumarey Powerglide Strasbourg (DPS) depuis 15 ans, Arnaud Bailo a annonc\u00e9 ce mercredi aux \u00e9lus du&hellip;\n","protected":false},"author":2,"featured_media":649165,"comment_status":"","ping_status":"","sticky":false,"template":"","format":"standard","meta":{"footnotes":""},"categories":[2820],"tags":[1111,11,2389,646,33,1777,674,107,1011,27,775,693,12,25,640],"class_list":{"0":"post-649164","1":"post","2":"type-post","3":"status-publish","4":"format-standard","5":"has-post-thumbnail","7":"category-strasbourg","8":"tag-actu","9":"tag-actualites","10":"tag-alsace","11":"tag-automobile","12":"tag-economie","13":"tag-eu","14":"tag-europe","15":"tag-fil-info","16":"tag-fr","17":"tag-france","18":"tag-grand-est","19":"tag-industrie","20":"tag-news","21":"tag-republique-francaise","22":"tag-strasbourg"},"share_on_mastodon":{"url":"https:\/\/pubeurope.com\/@fr\/115859065798082320","error":""},"_links":{"self":[{"href":"https:\/\/www.europesays.com\/fr\/wp-json\/wp\/v2\/posts\/649164","targetHints":{"allow":["GET"]}}],"collection":[{"href":"https:\/\/www.europesays.com\/fr\/wp-json\/wp\/v2\/posts"}],"about":[{"href":"https:\/\/www.europesays.com\/fr\/wp-json\/wp\/v2\/types\/post"}],"author":[{"embeddable":true,"href":"https:\/\/www.europesays.com\/fr\/wp-json\/wp\/v2\/users\/2"}],"replies":[{"embeddable":true,"href":"https:\/\/www.europesays.com\/fr\/wp-json\/wp\/v2\/comments?post=649164"}],"version-history":[{"count":0,"href":"https:\/\/www.europesays.com\/fr\/wp-json\/wp\/v2\/posts\/649164\/revisions"}],"wp:featuredmedia":[{"embeddable":true,"href":"https:\/\/www.europesays.com\/fr\/wp-json\/wp\/v2\/media\/649165"}],"wp:attachment":[{"href":"https:\/\/www.europesays.com\/fr\/wp-json\/wp\/v2\/media?parent=649164"}],"wp:term":[{"taxonomy":"category","embeddable":true,"href":"https:\/\/www.europesays.com\/fr\/wp-json\/wp\/v2\/categories?post=649164"},{"taxonomy":"post_tag","embeddable":true,"href":"https:\/\/www.europesays.com\/fr\/wp-json\/wp\/v2\/tags?post=649164"}],"curies":[{"name":"wp","href":"https:\/\/api.w.org\/{rel}","templated":true}]}}