{"id":649168,"date":"2026-01-08T10:44:13","date_gmt":"2026-01-08T10:44:13","guid":{"rendered":"https:\/\/www.europesays.com\/fr\/649168\/"},"modified":"2026-01-08T10:44:13","modified_gmt":"2026-01-08T10:44:13","slug":"nice-la-prefecture-annonce-la-demolition-partielle-du-vivier-veran-a-nice","status":"publish","type":"post","link":"https:\/\/www.europesays.com\/fr\/649168\/","title":{"rendered":"Nice : la Pr\u00e9fecture annonce la d\u00e9molition partielle du Vivier V\u00e9ran \u00e0 Nice (\u2026)"},"content":{"rendered":"<p>                    <img loading=\"lazy\" decoding=\"async\" src=\"https:\/\/www.europesays.com\/fr\/wp-content\/uploads\/2026\/01\/209988f4b44ed81a55bd93c8ccded1.png\" class=\"img-responsive post-image\" width=\"680\" height=\"510\" alt=\"Nice : la Pr\u00e9fecture (\u2026)\" title=\"Nice : la Pr\u00e9fecture annonce la d\u00e9molition partielle du Vivier V\u00e9ran \u00e0 Nice \u00e0 partir du 12 janvier\"\/><\/p>\n<p class=\"chapo\">\u00c0 l\u2019entr\u00e9e du port de Nice, sur le boulevard Franck Pilatte, le site du Vivier V\u00e9ran fait l\u2019objet d\u2019une op\u00e9ration de d\u00e9molition partielle destin\u00e9e \u00e0 concilier s\u00e9curit\u00e9, pr\u00e9servation du patrimoine et protection du littoral.<\/p>\n<p>\u00c9difi\u00e9s \u00e0 la fin du XIXe si\u00e8cle sur les ruines de l\u2019ancien Lazaret, deux viviers \u00e0 poissons et langoustes occupaient historiquement le secteur de la plage des Bains Militaires. Au fil du temps, l\u2019un d\u2019eux a \u00e9t\u00e9 int\u00e9gr\u00e9 au b\u00e2timent du centre nautique \u00e0 la fin des ann\u00e9es 1940. Le second a connu une transformation dans les ann\u00e9es 1960, avec la sur\u00e9l\u00e9vation de sa structure afin d\u2019accueillir un restaurant de poissons, aujourd\u2019hui d\u00e9saffect\u00e9 depuis une dizaine d\u2019ann\u00e9es.<\/p>\n<p> <a href=\"https:\/\/www.europesays.com\/fr\/wp-content\/uploads\/2026\/01\/capture_d_e_cran_2026-01-08_a_10.02_20.png\" class=\"spip_doc_lien mediabox\" type=\"image\/png\"><br \/>\n\t\t<img loading=\"lazy\" decoding=\"async\" src=\"https:\/\/www.europesays.com\/fr\/wp-content\/uploads\/2026\/01\/capture_d_e_cran_2026-01-08_a_10.02_20.png\" width=\"1024\" height=\"664\" alt=\"\"\/><\/a><\/p>\n<p>Carte postale de 1906 \u00a9DR\n<\/p>\n<p> D\u00e9molition cibl\u00e9e<\/p>\n<p>L\u2019\u00e9tat de d\u00e9gradation avanc\u00e9 de cette construction a conduit l\u2019\u00c9tat \u00e0 engager une op\u00e9ration de d\u00e9molition cibl\u00e9e. Celle-ci portera <strong>uniquement sur le premier niveau sup\u00e9rieur ajout\u00e9 au XX\u00a0? si\u00e8cle.<\/strong> La partie historique du vivier, b\u00e2tie en pierres, sera quant \u00e0 elle int\u00e9gralement conserv\u00e9e en raison de son int\u00e9r\u00eat patrimonial. Elle contribue en effet \u00e0 la valeur du site inscrit au patrimoine mondial de l\u2019UNESCO et joue un r\u00f4le essentiel dans le maintien de l\u2019\u00e9quilibre s\u00e9dimentaire de la plage de galets, fr\u00e9quent\u00e9e toute l\u2019ann\u00e9e.<br class=\"autobr\"\/><br \/>\n<strong>Enti\u00e8rement financ\u00e9s et coordonn\u00e9s par l\u2019\u00c9tat, les travaux d\u00e9buteront le 12 janvier pour une dur\u00e9e pr\u00e9visionnelle de trois mois.<\/strong> Pendant toute la p\u00e9riode du chantier, l\u2019acc\u00e8s \u00e0 la plage restera ouvert au public. Seules les douches seront temporairement indisponibles.<br class=\"autobr\"\/><br \/>\nCette intervention s\u2019inscrit dans une d\u00e9marche de conservation et d\u2019entretien du patrimoine ni\u00e7ois, visant \u00e0 s\u00e9curiser les ouvrages existants tout en respectant l\u2019histoire et l\u2019environnement du littoral.<\/p>\n<p>Visuel de Une\u00a0: \u00a9Pr\u00e9fecture 06<\/p>\n","protected":false},"excerpt":{"rendered":"\u00c0 l\u2019entr\u00e9e du port de Nice, sur le boulevard Franck Pilatte, le site du Vivier V\u00e9ran fait l\u2019objet&hellip;\n","protected":false},"author":2,"featured_media":649169,"comment_status":"","ping_status":"","sticky":false,"template":"","format":"standard","meta":{"footnotes":""},"categories":[2819],"tags":[1111,11,2408,1777,674,1011,27,12,2401,882,25],"class_list":{"0":"post-649168","1":"post","2":"type-post","3":"status-publish","4":"format-standard","5":"has-post-thumbnail","7":"category-nice","8":"tag-actu","9":"tag-actualites","10":"tag-appels-d","11":"tag-eu","12":"tag-europe","13":"tag-fr","14":"tag-france","15":"tag-news","16":"tag-nice","17":"tag-provence-alpes-cote-dazur","18":"tag-republique-francaise"},"share_on_mastodon":{"url":"https:\/\/pubeurope.com\/@fr\/115859073667400679","error":""},"_links":{"self":[{"href":"https:\/\/www.europesays.com\/fr\/wp-json\/wp\/v2\/posts\/649168","targetHints":{"allow":["GET"]}}],"collection":[{"href":"https:\/\/www.europesays.com\/fr\/wp-json\/wp\/v2\/posts"}],"about":[{"href":"https:\/\/www.europesays.com\/fr\/wp-json\/wp\/v2\/types\/post"}],"author":[{"embeddable":true,"href":"https:\/\/www.europesays.com\/fr\/wp-json\/wp\/v2\/users\/2"}],"replies":[{"embeddable":true,"href":"https:\/\/www.europesays.com\/fr\/wp-json\/wp\/v2\/comments?post=649168"}],"version-history":[{"count":0,"href":"https:\/\/www.europesays.com\/fr\/wp-json\/wp\/v2\/posts\/649168\/revisions"}],"wp:featuredmedia":[{"embeddable":true,"href":"https:\/\/www.europesays.com\/fr\/wp-json\/wp\/v2\/media\/649169"}],"wp:attachment":[{"href":"https:\/\/www.europesays.com\/fr\/wp-json\/wp\/v2\/media?parent=649168"}],"wp:term":[{"taxonomy":"category","embeddable":true,"href":"https:\/\/www.europesays.com\/fr\/wp-json\/wp\/v2\/categories?post=649168"},{"taxonomy":"post_tag","embeddable":true,"href":"https:\/\/www.europesays.com\/fr\/wp-json\/wp\/v2\/tags?post=649168"}],"curies":[{"name":"wp","href":"https:\/\/api.w.org\/{rel}","templated":true}]}}