{"id":649172,"date":"2026-01-08T10:46:16","date_gmt":"2026-01-08T10:46:16","guid":{"rendered":"https:\/\/www.europesays.com\/fr\/649172\/"},"modified":"2026-01-08T10:46:16","modified_gmt":"2026-01-08T10:46:16","slug":"ivre-et-sous-cocaine-un-automobiliste-de-loire-atlantique-etait-passe-a-30-centimetres-dun-gendarme-au-sol","status":"publish","type":"post","link":"https:\/\/www.europesays.com\/fr\/649172\/","title":{"rendered":"Ivre et sous coca\u00efne, un automobiliste de Loire-Atlantique \u00e9tait pass\u00e9 \u00ab\u00a0\u00e0 30 centim\u00e8tres d\u2019un gendarme au sol\u00a0\u00bb"},"content":{"rendered":"<p>                    Par<br \/>\n        <strong><br \/>\n            <a href=\"https:\/\/actu.fr\/auteur\/laurent-fortin\" title=\"Consulter tous les articles de Laurent Fortin\" target=\"_blank\" rel=\"noopener\">Laurent Fortin<\/a><br \/>\n                    <\/strong><\/p>\n<p>        Publi\u00e9 le<\/p>\n<p>            8 janv. 2026 \u00e0 8h46        <\/p>\n<p>Le <b>dimanche 5\u00a0octobre 2025<\/b>, un <b>automobiliste de 36\u00a0ans <\/b>avait \u00ab\u2009zigzagu\u00e9\u2009\u00bb, <b>roul\u00e9 \u00ab\u2009\u00e0 vive allure\u2009\u00bb <\/b>et pris des<b> ronds-points \u00ab\u2009\u00e0 contresens<\/b>\u2009\u00bb dans l\u2019agglom\u00e9ration nantaise\u2009: <b>deux gendarmes \u00ab\u2009en v\u00e9hicule s\u00e9rigraphi\u00e9\u2009\u00bb l\u2019avaient pris en chasse<\/b> \u00ab\u2009apr\u00e8s l\u2019avoir vu franchir une ligne blanche continue\u2009\u00bb. Des faits relat\u00e9s par la <b>pr\u00e9sidente du tribunal correctionnel de Nantes <\/b>en d\u00e9but d\u2019audience au<b> palais de justice de Nantes.<\/b> Il avait alors <b>termin\u00e9 sa course dans \u00ab\u2009une cl\u00f4ture\u2009\u00bb et s\u2019\u00e9tait \u00ab\u2009immobilis\u00e9 contre un bloc EDF\u2009\u00bb<\/b> dans une impasse d\u2019un \u00ab\u2009quartier r\u00e9sidentiel\u2009\u00bb, le<a href=\"https:\/\/www.horysons.fr\/zonedevie\/la-chapelle-sur-erdre-cote-azalees-beausoleil-440350106\" target=\"_blank\" rel=\"noopener\"> lotissement des Azal\u00e9es<\/a> \u00e0 <b>La Chapelle-sur-Erdre.<\/b><\/p>\n<p class=\" wall-content\">L\u2019un des d<b>eux gendarmes lanc\u00e9s<\/b> \u00e0 sa poursuite avait alors <b>ouvert la porti\u00e8re de la Peugeot 308 du pr\u00e9venu<\/b>\u2026 mais ce dernier avait engag\u00e9, juste apr\u00e8s une marche arri\u00e8re, \u00ab\u2009pour se d\u00e9gager de la cl\u00f4ture\u2009\u00bb, <b>renversant le militaire de 32\u00a0ans au passage.<\/b> La<b> seconde gendarme avait alors tir\u00e9 \u00e0 deux reprises <\/b>en direction de \u00ab\u2009la roue arri\u00e8re droite\u2009\u00bb du v\u00e9hicule du pr\u00e9venu mais sans le toucher. <b>Il \u00e9tait ainsi parvenu \u00e0 s\u2019enfuir <\/b>en passant <b>juste \u00e0 c\u00f4t\u00e9 du gendarme toujours au sol.<\/b><\/p>\n<p>H\u00e9berg\u00e9e chez une amie<\/p>\n<p class=\" wall-content\">La gendarmerie avait alors tr\u00e8s vite identifi\u00e9 <b>la propri\u00e9taire de la Peugeot 308<\/b>, une habitante du centre-bourg \u00e0 <a href=\"https:\/\/actu.fr\/pays-de-la-loire\/haute-goulaine_44071\" target=\"_blank\" rel=\"noopener\"><b>Haute-Goulaine\u2009<\/b><\/a>: elle \u00e9tait la nouvelle compagne de ce \u00ab\u2009conducteur de chargeuse\u2009\u00bb et \u00ab\u2009m\u00e9canicien poids lourds\u2009\u00bb et<b> elle l\u2019h\u00e9bergeait depuis sa sortie de prison, en mars\u00a02025,<\/b> apr\u00e8s<b> \u00ab\u2009dix-sept mois\u2009\u00bb de d\u00e9tention<\/b>. Elle leur avait d\u2019ailleurs \u00ab\u2009fait signe\u2009\u00bb quand les gendarmes s\u2019approchaient de son domicile\u2009<b>: elle leur avait tout de suite expliqu\u00e9 qu\u2019il lui avait pris sa voiture \u00ab\u2009sans son accord\u2009\u00bb.<\/b><\/p>\n<p class=\" wall-content\">Les militaires d\u00e9p\u00each\u00e9s \u00e0 Haute-Goulaine avaient alors retrouv\u00e9 \u00ab\u2009une bouteille de bi\u00e8re 1664\u2009\u00bb dans l\u2019habitacle de la Peugeot 308 et \u00ab\u2009quatre capsules dans les poches\u2009\u00bb de l\u2019accus\u00e9. Un couteau \u00ab\u2009particuli\u00e8rement incisif\u2009\u00bb avait aussi \u00e9t\u00e9 retrouv\u00e9 lors de sa fouille, a relev\u00e9 la pr\u00e9sidente du tribunal correctionnel de Nantes \u00e0 la lecture des pi\u00e8ces du dossier.<\/p>\n<p class=\" wall-content\">La petite amie avait, par la suite, racont\u00e9 que le <b>pr\u00e9venu \u00e9tait parti de chez elle \u00ab\u2009\u00e0 5\u2009h du matin\u2009\u00bb le jour-m\u00eam<\/b>e, quand elle dormait encore, pour emmener ses deux fils jumeaux de 10\u00a0ans, qu\u2019il avait en garde pour le week-end, chez leur m\u00e8re \u00e0 La Chapelle-sur-Erdre. \u00c0 son retour \u00e0 Haute-Goulaine dans la soir\u00e9e, son compagnon s\u2019\u00e9tait \u00ab\u2009gar\u00e9 \u00e0 sa place habituelle\u2009\u00bb sur le parking de la rue des Epinettes mais la voiture faisait alors \u00ab\u2009un bruit \u00e9norme de frottement\u2009\u00bb. Surtout,<b> le pr\u00e9venu \u00e9tait \u00ab\u2009d\u00e9fonc\u00e9 de la vie\u2009\u00bb, avec \u00ab\u2009les yeux tout rouges\u2009\u00bb et en \u00ab\u2009sentant l\u2019alcool\u2009\u00bb.<\/b><\/p>\n<p class=\" wall-content\">Il \u00e9tait n\u00e9anmoins rentr\u00e9 \u00ab\u2009tr\u00e8s calmement\u2009\u00bb, \u00ab\u2009le plus calmement possible\u2009\u00bb, dans la maison selon le t\u00e9moignage de la s\u0153ur de sa copine qui \u00e9tait alors pr\u00e9sente.<\/p>\n<p>Votre r\u00e9gion, votre actu !<\/p>\n<p>Recevez chaque jour les infos qui comptent pour vous.<\/p>\n<p>\t<a href=\"https:\/\/actu.fr\/newsletter\" class=\"ac-btn ac-btn--corner ac-btn--medium ac-btn--blue800\" target=\"_blank\" rel=\"noopener\">S&rsquo;incrire<\/a><\/p>\n<blockquote class=\"ac-article-quote wall-content\">\n<p>J\u2019ai fait un d\u00e9lit de fuite et j\u2019ai tamponn\u00e9 un gendarme.<\/p>\n<p>Le pr\u00e9venu \u00e0 la s\u0153ur de sa petite amie<\/p><\/blockquote>\n<p>\u00ab\u2009Si ma coll\u00e8gue n\u2019avait pas fait feu\u2026\u2009\u00bb<\/p>\n<p class=\" wall-content\">La suite des investigations avait permis d\u2019\u00e9tablir que<b> l\u2019automobiliste avait en fait demand\u00e9 \u00e0 son ex-compagne de r\u00e9cup\u00e9rer leurs deux fils<\/b> pour qu\u2019elle les ram\u00e8ne ensuite chez son p\u00e8re \u00e0 <b>Nort-sur-Erdre<\/b>. Mais, une fois \u00e0 La Chapelle-sur-Erdre, il avait \u00ab\u2009<b>consomm\u00e9 de la coca\u00efne<\/b>\u2009\u00bb et s\u2019\u00e9tait \u00ab\u2009<b>alcoolis\u00e9\u2009<\/b>\u00bb avec \u00ab\u2009le nouveau compagnon\u2009\u00bb de la m\u00e8re des jumeaux et de sa fille a\u00een\u00e9e de 12\u00a0ans\u2026<b> Il avait d\u2019ailleurs encore 1,8 gramme d\u2019alcool par litre de sang quand les gendarmes l\u2019avaient contr\u00f4l\u00e9 \u00e0 20\u2009h\u200937 le dimanche soir.<\/b><\/p>\n<p class=\" wall-content\">Son ex-compagne lui avait pourtant \u00ab\u2009propos\u00e9 de dormir\u2009\u00bb mais\u00a0il avait pr\u00e9f\u00e9r\u00e9 reprendre le volant bien que<b> son permis de conduire ait\u00a0\u00e9t\u00e9 annul<\/b>\u00e9 depuis qu\u2019il avait commis plusieurs \u00ab<b>\u2009exc\u00e8s de vitesse\u2009\u00bb et un \u00ab\u2009usage de t\u00e9l\u00e9phone au volant\u2009\u00bb<\/b>.<\/p>\n<blockquote class=\"ac-article-quote wall-content\">\n<p>Vous imaginez si vous aviez eu un accident avec vos enfants\u2009? Les cons\u00e9quences auraient pu \u00eatre dramatiques.<\/p>\n<p>La pr\u00e9sidente du tribunal correctionnel<\/p><\/blockquote>\n<p class=\" wall-content\">Un de ses assesseurs \u00e9tait tout aussi \u00e9tonn\u00e9\u2009:<\/p>\n<blockquote class=\"ac-article-quote wall-content\">\n<p>Donc, \u00e0 5\u2009h du matin, coca\u00efn\u00e9 et sans permis, on embarque les petits. \u00c7a ne vous pose pas de probl\u00e8me\u2009? C\u2019est clairement une mise en danger de la vie de vos enfants.<\/p>\n<\/blockquote>\n<p class=\" wall-content\">Le gendarme qui s\u2019est retrouv\u00e9 au sol, ce jour-l\u00e0, a aussi t\u00e9moign\u00e9\u2009:<\/p>\n<blockquote class=\"ac-article-quote wall-content\">\n<p>Il est pass\u00e9 \u00e0 une trentaine de centim\u00e8tres de mes pieds\u2026 Si ma coll\u00e8gue n\u2019avait pas fait feu, je me retrouvais sous ses roues\u2009: il a chang\u00e9 de trajectoire apr\u00e8s les tirs.<\/p>\n<\/blockquote>\n<p class=\" wall-content\">L\u2019enqu\u00eate, <b>d\u2019ailleurs ouverte pour \u00ab\u2009tentative d\u2019homicide\u2009\u00bb,<\/b> avait finalement \u00e9t\u00e9<b> r\u00e9orient\u00e9e en \u00ab\u2009violences volontaires avec arme\u2009\u00bb.<\/b><b\/><\/p>\n<p>Accus\u00e9 aussi de violences conjugales<\/p>\n<p class=\" wall-content\">Au passage, <b>il a \u00e9t\u00e9 condamn\u00e9 d\u00e9but d\u00e9cembre\u00a02025 pour le \u00ab\u2009vol\u2009\u00bb de la voiture de sa nouvelle compagn<\/b>e \u00e0 Haute-Goulaine. Cette derni\u00e8re a r\u00e9v\u00e9l\u00e9 au passage aux gendarmes avoir \u00e9t\u00e9<b> victime de \u00ab\u2009violences physiques\u2009\u00bb<\/b> de sa part et une \u00ab\u2009proc\u00e9dure incidente\u2009\u00bb a \u00e9t\u00e9 ouverte pour cela, a fait savoir la pr\u00e9sidente du tribunal correctionnel de Nantes.<\/p>\n<blockquote class=\"ac-article-quote wall-content\">\n<p>Cette m\u00e8re c\u00e9libataire de cinq enfants qui vit \u00e0 la campagne s\u2019est retrouv\u00e9e en difficult\u00e9.<\/p>\n<p>L\u2019avocate de la nouvelle amie du pr\u00e9venu pour \u00e9tayer sa constitution de partie civile.<\/p><\/blockquote>\n<p class=\" wall-content\">La procureure de la R\u00e9publique avait dans ces conditions r\u00e9clam\u00e9 <b>cinq ans d\u2019emprisonnement pour le pr\u00e9venu,<\/b> des r\u00e9quisitions \u00ab\u2009qu\u2019on ne voit pas tous les jours\u2009\u00bb en comparution imm\u00e9diate, avait d\u2019ailleurs relev\u00e9 l\u2019avocat de l\u2019automobiliste.<\/p>\n<blockquote class=\"ac-article-quote wall-content\">\n<p>S\u2019il vous pla\u00eet, n\u2019oubliez pas cet objectif de pr\u00e9vention de la r\u00e9cidive qui nous anime tous.<\/p>\n<p>L\u2019avocat de la d\u00e9fense en direction des juges avant qu\u2019ils ne partent d\u00e9lib\u00e9rer.<\/p><\/blockquote>\n<p class=\" wall-content\">Il leur avait fait une \u00ab\u2009proposition\u2009\u00bb de \u00ab<b>\u2009quatre ans d\u2019emprisonnement dont un avec sursis probatoire\u2009\u00bb, ce qui \u00e9tait d\u00e9j\u00e0 une \u00ab\u2009peine cons\u00e9quente\u2009\u00bb \u00e0 ses yeux.<\/b><\/p>\n<p class=\" wall-content\">Cet homme a \u00e9galement vu<b> trois mois de prison avec sursis r\u00e9voqu\u00e9s<\/b> apr\u00e8s ces<b> \u00ab\u2009violences avec arme\u2009\u00bb<\/b> par destination\u2009; ils avaient \u00e9t\u00e9 initialement prononc\u00e9s a<b>vec sursis le 23\u00a0f\u00e9vrier 2022,<\/b> lors de l\u2019une de ses 28 pr\u00e9c\u00e9dentes \u00ab\u2009mentions\u2009\u00bb \u00e0 son casier judiciaire.<\/p>\n<p class=\" wall-content\">Outre ses 30\u00a0mois d\u2019emprisonnement et son maintien en d\u00e9tention, <b>le pr\u00e9venu a \u00e9t\u00e9 d\u00e9clar\u00e9 in\u00e9ligible pendant cinq ans <\/b>et sera <b>interdit de d\u00e9tenir une arme pendant la m\u00eame p\u00e9riode<\/b>. L\u2019automobiliste sera \u00e9galement<b> \u00ab\u2009interdit\u2009\u00bb de solliciter le permis de conduire pendant les trois prochaines ann\u00e9es<\/b>.<\/p>\n<p class=\" wall-content\">Sur le plan civil, <b>il devra verser 2\u2009000\u00a0\u20ac au gendarme qu\u2019il a failli \u00e9craser, 1\u2009000\u00a0\u20ac \u00e0 sa coll\u00e8gue qui avait tir\u00e9 et 1\u2009080\u00a0\u20ac de frais de justice. Il devra aussi verser 1\u2009500\u00a0\u20ac \u00e0 sa compagne de Haute-Goulaine<\/b> pour son \u00ab\u2009pr\u00e9judice moral\u2009\u00bb et 500\u00a0\u20ac suppl\u00e9mentaires de frais de justice. Enfin, il devra payer pr\u00e8s de 600\u00a0\u20ac aux copropri\u00e9taires du lotissement de La Chapelle-sur-Erdre pour avoir d\u00e9truit le panneau de leur rue.<\/p>\n<p class=\" wall-content\">Personnalisez votre actualit\u00e9 en ajoutant vos villes et m\u00e9dias en favori avec <a href=\"https:\/\/moncompte.actu.fr\" title=\"D\u00e9couvez Mon Actu\" rel=\"nofollow noopener\" data-trk=\"{&quot;cta&quot;:{&quot;action&quot;:&quot;https:\\\/\\\/moncompte.actu.fr&quot;,&quot;category&quot;:&quot;mon compte&quot;,&quot;from&quot;:&quot;article footer&quot;,&quot;name&quot;:&quot;Mon actu&quot;,&quot;type&quot;:&quot;cta&quot;}}\" target=\"_blank\">Mon Actu<\/a>.<\/p>\n","protected":false},"excerpt":{"rendered":"Par Laurent Fortin Publi\u00e9 le 8 janv. 2026 \u00e0 8h46 Le dimanche 5\u00a0octobre 2025, un automobiliste de 36\u00a0ans&hellip;\n","protected":false},"author":2,"featured_media":649173,"comment_status":"","ping_status":"","sticky":false,"template":"","format":"standard","meta":{"footnotes":""},"categories":[2818],"tags":[1111,11,1777,674,118,1011,27,3381,303,766,12,2636,25,2900],"class_list":{"0":"post-649172","1":"post","2":"type-post","3":"status-publish","4":"format-standard","5":"has-post-thumbnail","7":"category-nantes","8":"tag-actu","9":"tag-actualites","10":"tag-eu","11":"tag-europe","12":"tag-faits-divers","13":"tag-fr","14":"tag-france","15":"tag-gendarmerie","16":"tag-justice","17":"tag-nantes","18":"tag-news","19":"tag-pays-de-la-loire","20":"tag-republique-francaise","21":"tag-vignoble-nantais"},"share_on_mastodon":{"url":"https:\/\/pubeurope.com\/@fr\/115859081368392447","error":""},"_links":{"self":[{"href":"https:\/\/www.europesays.com\/fr\/wp-json\/wp\/v2\/posts\/649172","targetHints":{"allow":["GET"]}}],"collection":[{"href":"https:\/\/www.europesays.com\/fr\/wp-json\/wp\/v2\/posts"}],"about":[{"href":"https:\/\/www.europesays.com\/fr\/wp-json\/wp\/v2\/types\/post"}],"author":[{"embeddable":true,"href":"https:\/\/www.europesays.com\/fr\/wp-json\/wp\/v2\/users\/2"}],"replies":[{"embeddable":true,"href":"https:\/\/www.europesays.com\/fr\/wp-json\/wp\/v2\/comments?post=649172"}],"version-history":[{"count":0,"href":"https:\/\/www.europesays.com\/fr\/wp-json\/wp\/v2\/posts\/649172\/revisions"}],"wp:featuredmedia":[{"embeddable":true,"href":"https:\/\/www.europesays.com\/fr\/wp-json\/wp\/v2\/media\/649173"}],"wp:attachment":[{"href":"https:\/\/www.europesays.com\/fr\/wp-json\/wp\/v2\/media?parent=649172"}],"wp:term":[{"taxonomy":"category","embeddable":true,"href":"https:\/\/www.europesays.com\/fr\/wp-json\/wp\/v2\/categories?post=649172"},{"taxonomy":"post_tag","embeddable":true,"href":"https:\/\/www.europesays.com\/fr\/wp-json\/wp\/v2\/tags?post=649172"}],"curies":[{"name":"wp","href":"https:\/\/api.w.org\/{rel}","templated":true}]}}