{"id":649176,"date":"2026-01-08T10:48:09","date_gmt":"2026-01-08T10:48:09","guid":{"rendered":"https:\/\/www.europesays.com\/fr\/649176\/"},"modified":"2026-01-08T10:48:09","modified_gmt":"2026-01-08T10:48:09","slug":"quatre-lignes-de-tram-perturbees-et-de-nombreuses-stations-non-desservies","status":"publish","type":"post","link":"https:\/\/www.europesays.com\/fr\/649176\/","title":{"rendered":"quatre lignes de tram perturb\u00e9es et de nombreuses stations non desservies"},"content":{"rendered":"<p>                    Par<br \/>\n        <strong><br \/>\n            <a href=\"https:\/\/actu.fr\/auteur\/julian-doubax\" title=\"Consulter tous les articles de Julian Doubax\" target=\"_blank\" rel=\"noopener\">Julian Doubax<\/a><br \/>\n                    <\/strong><\/p>\n<p>        Publi\u00e9 le<\/p>\n<p>            8 janv. 2026 \u00e0 10h13        <\/p>\n<p>Nouveau petit couac sur le r\u00e9seau <a href=\"https:\/\/actu.fr\/tag\/tbm\" target=\"_blank\" rel=\"noopener\">TBM<\/a>. Ce jeudi 8 janvier 2026, depuis 7h30, les lignes C,D et F du <a href=\"https:\/\/actu.fr\/nouvelle-aquitaine\/bordeaux_33063\/c-est-catastrophique-a-bordeaux-la-galere-des-usagers-tbm-depuis-l-arrivee-des-nouvelles-lignes-de-tram_63561948.html\" target=\"_blank\" rel=\"noopener\">tramway<\/a> sont perturb\u00e9es \u00e0 Bordeaux. Une <strong>rame est en panne<\/strong> au niveau de la Porte de Bourgogne.\u00a0<\/p>\n<p class=\" wall-content\">Par cons\u00e9quent, le trafic est \u00e0 <strong>l\u2019arr\u00eat<\/strong> entre les stations Quinconces et la gare Saint-Jean pour la ligne C, entre la Porte de Bourgogne et Carle-Vernet pour la ligne D et entre Sainte-Catherine et la gare Saint-Jean pour la ligne F.\u00a0<\/p>\n<p class=\" wall-content\">Les stations non desservies sont : Quinconces, Place de la Bourse, Porte de Bourgogne, Saint-Michel, Sainte-Croix, Tauzia et gare St Jean, Sainte-Catherine et Place du Palais.\u00a0<\/p>\n<p class=\" wall-content\">Peu apr\u00e8s 9h, TBM annon\u00e7ait l\u2019arriv\u00e9e du<strong> service technique<\/strong> de remorquage pour atteler la rame tomb\u00e9e en panne.\u00a0<\/p>\n<p>Le tram B \u00e9galement impact\u00e9<\/p>\n<p class=\" wall-content\">Des probl\u00e8mes sont aussi signal\u00e9s sur la <strong>ligne B<\/strong> ce matin. Sur son site, TBM fait \u00e9tat d\u2019une \u00ab\u00a0panne d\u2019alimentation au sol\u00a0\u00bb. Une interruption est en cours entre la rue Achard et le mus\u00e9e d\u2019Aquitaine. Au total, neuf stations ne sont pas desservies sur cette ligne.<\/p>\n<p class=\" wall-content\">Il s\u2019agit de : la Cit\u00e9 du Vin, les Hangars, Cours du M\u00e9doc, Chartrons, CAPC, les Quinconces, Grand Th\u00e9\u00e2tre, Gambetta-madd et H\u00f4tel de Ville. Des bus relais sont mis en place au d\u00e9part de l\u2019arr\u00eat Berges de la Garonne.\u00a0<\/p>\n<p class=\" wall-content\">Personnalisez votre actualit\u00e9 en ajoutant vos villes et m\u00e9dias en favori avec <a href=\"https:\/\/moncompte.actu.fr\" title=\"D\u00e9couvez Mon Actu\" rel=\"nofollow noopener\" data-trk=\"{&quot;cta&quot;:{&quot;action&quot;:&quot;https:\\\/\\\/moncompte.actu.fr&quot;,&quot;category&quot;:&quot;mon compte&quot;,&quot;from&quot;:&quot;article footer&quot;,&quot;name&quot;:&quot;Mon actu&quot;,&quot;type&quot;:&quot;cta&quot;}}\" target=\"_blank\">Mon Actu<\/a>.<\/p>\n","protected":false},"excerpt":{"rendered":"Par Julian Doubax Publi\u00e9 le 8 janv. 2026 \u00e0 10h13 Nouveau petit couac sur le r\u00e9seau TBM. Ce&hellip;\n","protected":false},"author":2,"featured_media":649177,"comment_status":"","ping_status":"","sticky":false,"template":"","format":"standard","meta":{"footnotes":""},"categories":[2817],"tags":[1111,11,1997,2904,1777,674,1011,27,12,2219,25,104,7952],"class_list":{"0":"post-649176","1":"post","2":"type-post","3":"status-publish","4":"format-standard","5":"has-post-thumbnail","7":"category-bordeaux","8":"tag-actu","9":"tag-actualites","10":"tag-bordeaux","11":"tag-bordeaux-metropole","12":"tag-eu","13":"tag-europe","14":"tag-fr","15":"tag-france","16":"tag-news","17":"tag-nouvelle-aquitaine","18":"tag-republique-francaise","19":"tag-societe","20":"tag-tbm"},"share_on_mastodon":{"url":"https:\/\/pubeurope.com\/@fr\/115859089299495846","error":""},"_links":{"self":[{"href":"https:\/\/www.europesays.com\/fr\/wp-json\/wp\/v2\/posts\/649176","targetHints":{"allow":["GET"]}}],"collection":[{"href":"https:\/\/www.europesays.com\/fr\/wp-json\/wp\/v2\/posts"}],"about":[{"href":"https:\/\/www.europesays.com\/fr\/wp-json\/wp\/v2\/types\/post"}],"author":[{"embeddable":true,"href":"https:\/\/www.europesays.com\/fr\/wp-json\/wp\/v2\/users\/2"}],"replies":[{"embeddable":true,"href":"https:\/\/www.europesays.com\/fr\/wp-json\/wp\/v2\/comments?post=649176"}],"version-history":[{"count":0,"href":"https:\/\/www.europesays.com\/fr\/wp-json\/wp\/v2\/posts\/649176\/revisions"}],"wp:featuredmedia":[{"embeddable":true,"href":"https:\/\/www.europesays.com\/fr\/wp-json\/wp\/v2\/media\/649177"}],"wp:attachment":[{"href":"https:\/\/www.europesays.com\/fr\/wp-json\/wp\/v2\/media?parent=649176"}],"wp:term":[{"taxonomy":"category","embeddable":true,"href":"https:\/\/www.europesays.com\/fr\/wp-json\/wp\/v2\/categories?post=649176"},{"taxonomy":"post_tag","embeddable":true,"href":"https:\/\/www.europesays.com\/fr\/wp-json\/wp\/v2\/tags?post=649176"}],"curies":[{"name":"wp","href":"https:\/\/api.w.org\/{rel}","templated":true}]}}