{"id":649186,"date":"2026-01-08T10:55:09","date_gmt":"2026-01-08T10:55:09","guid":{"rendered":"https:\/\/www.europesays.com\/fr\/649186\/"},"modified":"2026-01-08T10:55:09","modified_gmt":"2026-01-08T10:55:09","slug":"hassen-hammou-en-garde-a-vue-pour-usurpation-didentite","status":"publish","type":"post","link":"https:\/\/www.europesays.com\/fr\/649186\/","title":{"rendered":"Hassen Hammou en garde \u00e0 vue pour usurpation d\u2019identit\u00e9"},"content":{"rendered":"\n<p>Il est suspect\u00e9 d\u2019avoir usurp\u00e9 l\u2019identit\u00e9 d\u2019Amine Kessacci, fondateur de l\u2019association Conscience d\u2019aide aux victimes du narcotrafic, en ouvrant un faux compte sur les r\u00e9seaux sociaux.<\/p>\n<p>Hassen Hammou avait \u00e9t\u00e9 dans un premier temps choisi pour \u00eatre le chef de file des \u00e9cologistes \u00e0 Marseille dans le cadre de la campagne des municipales avant d\u2019en \u00eatre \u00e9cart\u00e9 suite \u00e0 sa condamnation en premi\u00e8re instance, en d\u00e9cembre dernier, pour corruption de mineurs, jugement dont il a fait appel.<\/p>\n","protected":false},"excerpt":{"rendered":"Il est suspect\u00e9 d\u2019avoir usurp\u00e9 l\u2019identit\u00e9 d\u2019Amine Kessacci, fondateur de l\u2019association Conscience d\u2019aide aux victimes du narcotrafic, en&hellip;\n","protected":false},"author":2,"featured_media":649187,"comment_status":"","ping_status":"","sticky":false,"template":"","format":"standard","meta":{"footnotes":""},"categories":[2814],"tags":[1111,11,1777,674,1011,27,75427,884,12,882,25],"class_list":{"0":"post-649186","1":"post","2":"type-post","3":"status-publish","4":"format-standard","5":"has-post-thumbnail","7":"category-marseille","8":"tag-actu","9":"tag-actualites","10":"tag-eu","11":"tag-europe","12":"tag-fr","13":"tag-france","14":"tag-hassen-hammou","15":"tag-marseille","16":"tag-news","17":"tag-provence-alpes-cote-dazur","18":"tag-republique-francaise"},"share_on_mastodon":{"url":"https:\/\/pubeurope.com\/@fr\/115859117077163555","error":""},"_links":{"self":[{"href":"https:\/\/www.europesays.com\/fr\/wp-json\/wp\/v2\/posts\/649186","targetHints":{"allow":["GET"]}}],"collection":[{"href":"https:\/\/www.europesays.com\/fr\/wp-json\/wp\/v2\/posts"}],"about":[{"href":"https:\/\/www.europesays.com\/fr\/wp-json\/wp\/v2\/types\/post"}],"author":[{"embeddable":true,"href":"https:\/\/www.europesays.com\/fr\/wp-json\/wp\/v2\/users\/2"}],"replies":[{"embeddable":true,"href":"https:\/\/www.europesays.com\/fr\/wp-json\/wp\/v2\/comments?post=649186"}],"version-history":[{"count":0,"href":"https:\/\/www.europesays.com\/fr\/wp-json\/wp\/v2\/posts\/649186\/revisions"}],"wp:featuredmedia":[{"embeddable":true,"href":"https:\/\/www.europesays.com\/fr\/wp-json\/wp\/v2\/media\/649187"}],"wp:attachment":[{"href":"https:\/\/www.europesays.com\/fr\/wp-json\/wp\/v2\/media?parent=649186"}],"wp:term":[{"taxonomy":"category","embeddable":true,"href":"https:\/\/www.europesays.com\/fr\/wp-json\/wp\/v2\/categories?post=649186"},{"taxonomy":"post_tag","embeddable":true,"href":"https:\/\/www.europesays.com\/fr\/wp-json\/wp\/v2\/tags?post=649186"}],"curies":[{"name":"wp","href":"https:\/\/api.w.org\/{rel}","templated":true}]}}