{"id":649190,"date":"2026-01-08T10:57:12","date_gmt":"2026-01-08T10:57:12","guid":{"rendered":"https:\/\/www.europesays.com\/fr\/649190\/"},"modified":"2026-01-08T10:57:12","modified_gmt":"2026-01-08T10:57:12","slug":"un-femmage-sera-rendu-a-lyon","status":"publish","type":"post","link":"https:\/\/www.europesays.com\/fr\/649190\/","title":{"rendered":"un \u00ab\u00a0femmage\u00a0\u00bb sera rendu \u00e0 Lyon"},"content":{"rendered":"<p>                            <img loading=\"lazy\" width=\"707\" height=\"443\" class=\"attachment-article size-article wp-post-image lazyload\" alt=\"\" decoding=\"async\" src=\"https:\/\/www.europesays.com\/fr\/wp-content\/uploads\/2025\/11\/capture-decran-de-Nous-Toutes-Rhone-e1761725638270.jpeg\" data-eio-rwidth=\"707\" data-eio-rheight=\"443\"\/><\/p>\n<p>capture d\u2019\u00e9cran d\u2019une manifestation du collectif Nous Toutes<\/p>\n<p class=\"content\" style=\"font-size:1.2em;font-weight:700\">Samedi 10 janvier, une mobilisation en hommage aux 164 femmes tu\u00e9es en France sur l&rsquo;ann\u00e9e 2025, se tiendra devant le Palais de Justice de Lyon. <\/p>\n<p>Sept jours se sont \u00e9coul\u00e9s depuis le d\u00e9but de l&rsquo;ann\u00e9e 2026, et une femme a d\u00e9j\u00e0 \u00e9t\u00e9 tu\u00e9e en raison de son genre. En 2025, elles \u00e9taient 164 \u00e0 dispara\u00eetre en France. <\/p>\n<p>Face \u00e0 ce triste constat, le collectif \u00ab\u00a0Nous Toutes\u00a0\u00bb Rh\u00f4ne organisera un rassemblement le 10 janvier prochain devant le Palais de Justice de Lyon : \u00ab\u00a0\u00c0 18h, plus de cent militantes tomberont \u00e0 l\u2019appel des pr\u00e9noms des femmes qu\u2019elles repr\u00e9sentent et rendront \u00ab\u00a0femmage\u00a0\u00bb aux victimes de f\u00e9minicides, portant ainsi la voix de celles qui n\u2019en ont plus\u00a0\u00bb, indique le collectif dans un communiqu\u00e9 transmis \u00e0 la presse. <\/p>\n<p>\u00ab\u00a0D\u00e9noncer les d\u00e9faillances de l&rsquo;Etat\u00a0\u00bb<\/p>\n<p>L&rsquo;objectif de ce \u00ab\u00a0die-in\u00a0\u00bb ? D\u00e9noncer les d\u00e9faillances de l\u2019\u00c9tat et du syst\u00e8me juridique dans la prise en charge des affaires de violences dans le couple et de f\u00e9minicides : \u00ab\u00a0En 2019, 65 % des femmes assassin\u00e9es avaient pris contact avec la justice, mais les pouvoirs publics leur ont tourn\u00e9 le dos, en refusant de prendre leur plainte, en classant les enqu\u00eates\u2026\u00a0\u00bb, d\u00e9nonce \u00ab\u00a0Nous Toutes\u00a0\u00bb Rh\u00f4ne.<\/p>\n<p>Pour lutter contre ce ph\u00e9nom\u00e8ne, le collectif revendiquera notamment, le d\u00e9blocage d\u2019un milliard d\u2019euros afin de financer des politiques publiques de lutte contre les violences sexistes et sexuelles, l\u2019augmentation des subventions allou\u00e9es aux associations qui participent \u00e0 la pr\u00e9vention des violences sexistes et sexuelles, ou encore, \u00ab\u00a0de vraies politiques de pr\u00e9vention \u00e0 grande \u00e9chelle.\u00a0\u00bb<\/p>\n<p><strong>Lire aussi : <\/strong><a href=\"https:\/\/www.lyoncapitale.fr\/actualite\/lyon-des-rues-rebaptisees-avec-des-noms-de-femmes-par-nous-toutes\" target=\"_blank\" rel=\"noopener\">Lyon : des rues rebaptis\u00e9es avec des noms de femmes par Nous Toutes<\/a><\/p>\n","protected":false},"excerpt":{"rendered":"capture d\u2019\u00e9cran d\u2019une manifestation du collectif Nous Toutes Samedi 10 janvier, une mobilisation en hommage aux 164 femmes&hellip;\n","protected":false},"author":2,"featured_media":551101,"comment_status":"","ping_status":"","sticky":false,"template":"","format":"standard","meta":{"footnotes":""},"categories":[1889],"tags":[1111,11,2430,1777,674,1011,27,2428,12,25],"class_list":{"0":"post-649190","1":"post","2":"type-post","3":"status-publish","4":"format-standard","5":"has-post-thumbnail","7":"category-lyon","8":"tag-actu","9":"tag-actualites","10":"tag-auvergne-rhone-alpes","11":"tag-eu","12":"tag-europe","13":"tag-fr","14":"tag-france","15":"tag-lyon","16":"tag-news","17":"tag-republique-francaise"},"share_on_mastodon":{"url":"https:\/\/pubeurope.com\/@fr\/115859124785070824","error":""},"_links":{"self":[{"href":"https:\/\/www.europesays.com\/fr\/wp-json\/wp\/v2\/posts\/649190","targetHints":{"allow":["GET"]}}],"collection":[{"href":"https:\/\/www.europesays.com\/fr\/wp-json\/wp\/v2\/posts"}],"about":[{"href":"https:\/\/www.europesays.com\/fr\/wp-json\/wp\/v2\/types\/post"}],"author":[{"embeddable":true,"href":"https:\/\/www.europesays.com\/fr\/wp-json\/wp\/v2\/users\/2"}],"replies":[{"embeddable":true,"href":"https:\/\/www.europesays.com\/fr\/wp-json\/wp\/v2\/comments?post=649190"}],"version-history":[{"count":0,"href":"https:\/\/www.europesays.com\/fr\/wp-json\/wp\/v2\/posts\/649190\/revisions"}],"wp:featuredmedia":[{"embeddable":true,"href":"https:\/\/www.europesays.com\/fr\/wp-json\/wp\/v2\/media\/551101"}],"wp:attachment":[{"href":"https:\/\/www.europesays.com\/fr\/wp-json\/wp\/v2\/media?parent=649190"}],"wp:term":[{"taxonomy":"category","embeddable":true,"href":"https:\/\/www.europesays.com\/fr\/wp-json\/wp\/v2\/categories?post=649190"},{"taxonomy":"post_tag","embeddable":true,"href":"https:\/\/www.europesays.com\/fr\/wp-json\/wp\/v2\/tags?post=649190"}],"curies":[{"name":"wp","href":"https:\/\/api.w.org\/{rel}","templated":true}]}}