{"id":649195,"date":"2026-01-08T11:01:13","date_gmt":"2026-01-08T11:01:13","guid":{"rendered":"https:\/\/www.europesays.com\/fr\/649195\/"},"modified":"2026-01-08T11:01:13","modified_gmt":"2026-01-08T11:01:13","slug":"disparue-en-plein-episode-de-neige-a-paris-une-fillette-retrouvee-des-heures-apres-que-sest-il-passe","status":"publish","type":"post","link":"https:\/\/www.europesays.com\/fr\/649195\/","title":{"rendered":"Disparue en plein \u00e9pisode de neige \u00e0 Paris, une fillette retrouv\u00e9e des heures apr\u00e8s : que s&rsquo;est-il pass\u00e9\u00a0?"},"content":{"rendered":"<p>                    Par<br \/>\n        <strong><br \/>\n            <a href=\"https:\/\/actu.fr\/auteur\/redaction-paris\" title=\"Consulter tous les articles de R\u00e9daction Paris\" target=\"_blank\" rel=\"noopener\">R\u00e9daction Paris<\/a><br \/>\n                    <\/strong><\/p>\n<p>        Publi\u00e9 le<\/p>\n<p>            8 janv. 2026 \u00e0 11h25        <\/p>\n<p>Des heures inqui\u00e9tudes puis le soulagement. Mercredi 7 janvier 2026, la photo d\u2019un visage juv\u00e9nile s\u2019est d\u00e9vers\u00e9e sur les r\u00e9seaux sociaux. Anna-Rose, 11 ans, \u00e9tait <a href=\"https:\/\/actu.fr\/tag\/disparition\" target=\"_blank\" rel=\"noopener\">port\u00e9e disparue<\/a> apr\u00e8s s\u2019\u00eatre rendue dans une librairie \u00e0 <a href=\"https:\/\/actu.fr\/paris\/\" target=\"_blank\" rel=\"noopener\">Paris<\/a>. Depuis, la jeune fille, vivant dans le 7e arrondissement, \u00e9tait introuvable. Elle a finalement \u00e9t\u00e9<strong> retrouv\u00e9e vers minuit<\/strong> pr\u00e8s de la <a href=\"https:\/\/actu.fr\/tag\/gare-de-lyon\" target=\"_blank\" rel=\"noopener\">Gare de Lyon<\/a>.\u00a0<\/p>\n<p>Parents et habitants mobilis\u00e9s<\/p>\n<p class=\" wall-content\">C\u2019est vers 12 heures que la fillette, \u00e2g\u00e9e de 11 ans ne s\u2019est pas rendue \u00e0 son \u00e9cole situ\u00e9e dans le 15e arrondissement. Vers 14 heures, une camarade de classe l\u2019avait vue dans une librairie, indique le parquet. Apr\u00e8s \u00e7a, la famille n\u2019a plus eu de nouvelles de la fillette, qui n\u2019a pas de t\u00e9l\u00e9phone portable. Selon les \u00e9l\u00e9ments diffus\u00e9s sur X par <strong>Anouch Toranian<\/strong>, adjointe \u00e0 la mairie de Paris, elle devait se rendre \u00e0 une bataille de boules de neige <a href=\"https:\/\/actu.fr\/tag\/trocadero\" target=\"_blank\" rel=\"noopener\">place du Trocad\u00e9ro<\/a>.\u00a0<\/p>\n<p class=\" wall-content\">Tr\u00e8s vite, l\u2019alerte a \u00e9t\u00e9 donn\u00e9e. Une enqu\u00eate pour disparition inqui\u00e9tante a \u00e9t\u00e9 ouverte et confi\u00e9e \u00e0 la <strong>brigade de protection des mineurs<\/strong> de la police judiciaire parisienne. Les h\u00f4pitaux ont aussi \u00e9t\u00e9 alert\u00e9s. \u00ab\u00a0Des parents effectuent actuellement des recherches autour du Champ de Mars et des abords de l\u2019\u00e9tablissement scolaire\u00a0\u00bb, avait indiqu\u00e9 Anouch Toranian. Plus de 80 personnes se sont mobilis\u00e9es pour retrouver la disparue.\u00a0<\/p>\n<p class=\" wall-content\">\n<p>\u00ab\u00a0Le 15e respire \u00e0 nouveau !\u00a0\u00bb<\/p>\n<p class=\" wall-content\">L\u2019angoisse a finalement pris fin aux alentours de minuit. Anna-Rose a \u00e9t\u00e9 retrouv\u00e9e aux abords de la <a href=\"https:\/\/actu.fr\/tag\/gare-de-lyon\" target=\"_blank\" rel=\"noopener\">Gare de Lyon<\/a>. \u00ab\u00a0Les auditions permettront de v\u00e9rifier ce qu\u2019il s\u2019est pass\u00e9 et de s\u2019assurer qu\u2019il n\u2019y a pas eu d\u2019intervention d\u2019un tiers dans cet \u00e9v\u00e9nement\u00a0\u00bb, indique le parquet. \u00ab\u00a0Cette cha\u00eene de solidarit\u00e9 a \u00e9t\u00e9 exemplaire. Nous sommes d\u00e9sormais soulag\u00e9s de la savoir saine et sauve, entour\u00e9e de sa famille. Le 15e respire \u00e0 nouveau !\u00a0\u00bb, a publi\u00e9 Anouch Toranian.\u00a0<\/p>\n<p class=\" wall-content\">Personnalisez votre actualit\u00e9 en ajoutant vos villes et m\u00e9dias en favori avec <a href=\"https:\/\/moncompte.actu.fr\" title=\"D\u00e9couvez Mon Actu\" rel=\"nofollow noopener\" data-trk=\"{&quot;cta&quot;:{&quot;action&quot;:&quot;https:\\\/\\\/moncompte.actu.fr&quot;,&quot;category&quot;:&quot;mon compte&quot;,&quot;from&quot;:&quot;article footer&quot;,&quot;name&quot;:&quot;Mon actu&quot;,&quot;type&quot;:&quot;cta&quot;}}\" target=\"_blank\">Mon Actu<\/a>.<\/p>\n","protected":false},"excerpt":{"rendered":"Par R\u00e9daction Paris Publi\u00e9 le 8 janv. 2026 \u00e0 11h25 Des heures inqui\u00e9tudes puis le soulagement. Mercredi 7&hellip;\n","protected":false},"author":2,"featured_media":649196,"comment_status":"","ping_status":"","sticky":false,"template":"","format":"standard","meta":{"footnotes":""},"categories":[1888],"tags":[1111,1928,11,1927,3676,1777,674,118,1011,27,12,1926,626,1925,25],"class_list":{"0":"post-649195","1":"post","2":"type-post","3":"status-publish","4":"format-standard","5":"has-post-thumbnail","7":"category-paris","8":"tag-actu","9":"tag-actu-paris","10":"tag-actualites","11":"tag-actualites-paris","12":"tag-disparition-inquietante","13":"tag-eu","14":"tag-europe","15":"tag-faits-divers","16":"tag-fr","17":"tag-france","18":"tag-news","19":"tag-news-paris","20":"tag-paris","21":"tag-paris-news","22":"tag-republique-francaise"},"share_on_mastodon":{"url":"https:\/\/pubeurope.com\/@fr\/115859140431048814","error":""},"_links":{"self":[{"href":"https:\/\/www.europesays.com\/fr\/wp-json\/wp\/v2\/posts\/649195","targetHints":{"allow":["GET"]}}],"collection":[{"href":"https:\/\/www.europesays.com\/fr\/wp-json\/wp\/v2\/posts"}],"about":[{"href":"https:\/\/www.europesays.com\/fr\/wp-json\/wp\/v2\/types\/post"}],"author":[{"embeddable":true,"href":"https:\/\/www.europesays.com\/fr\/wp-json\/wp\/v2\/users\/2"}],"replies":[{"embeddable":true,"href":"https:\/\/www.europesays.com\/fr\/wp-json\/wp\/v2\/comments?post=649195"}],"version-history":[{"count":0,"href":"https:\/\/www.europesays.com\/fr\/wp-json\/wp\/v2\/posts\/649195\/revisions"}],"wp:featuredmedia":[{"embeddable":true,"href":"https:\/\/www.europesays.com\/fr\/wp-json\/wp\/v2\/media\/649196"}],"wp:attachment":[{"href":"https:\/\/www.europesays.com\/fr\/wp-json\/wp\/v2\/media?parent=649195"}],"wp:term":[{"taxonomy":"category","embeddable":true,"href":"https:\/\/www.europesays.com\/fr\/wp-json\/wp\/v2\/categories?post=649195"},{"taxonomy":"post_tag","embeddable":true,"href":"https:\/\/www.europesays.com\/fr\/wp-json\/wp\/v2\/tags?post=649195"}],"curies":[{"name":"wp","href":"https:\/\/api.w.org\/{rel}","templated":true}]}}