{"id":649197,"date":"2026-01-08T11:02:13","date_gmt":"2026-01-08T11:02:13","guid":{"rendered":"https:\/\/www.europesays.com\/fr\/649197\/"},"modified":"2026-01-08T11:02:13","modified_gmt":"2026-01-08T11:02:13","slug":"le-paris-fc-va-soffrir-une-grande-pepite-italienne","status":"publish","type":"post","link":"https:\/\/www.europesays.com\/fr\/649197\/","title":{"rendered":"Le Paris FC va s\u2019offrir une grande p\u00e9pite italienne"},"content":{"rendered":"<p>Promu ambitieux mais encore fragile, le <a href=\"https:\/\/www.footmercato.net\/club\/paris-fc\/\" target=\"_blank\" rel=\"noopener\">Paris FC<\/a> traverse une p\u00e9riode d\u00e9licate qui commence s\u00e9rieusement \u00e0 inqui\u00e9ter. Dans ce derby parisien disput\u00e9 au Parc des Princes, les hommes de St\u00e9phane Gilli esp\u00e9raient avant tout se rassurer et envoyer un signal positif apr\u00e8s des semaines compliqu\u00e9es. Il n\u2019en a finalement rien \u00e9t\u00e9. Battus (2-1) par un PSG dominateur dans la ma\u00eetrise et la gestion des temps forts, les Parisiens ont pourtant livr\u00e9 une prestation courageuse, longtemps organis\u00e9s dans un bloc tr\u00e8s bas et disciplin\u00e9. Mais comme trop souvent depuis le d\u00e9but de la saison, la solidit\u00e9 d\u00e9fensive n\u2019a pas suffi \u00e0 masquer les limites techniques et offensives, ni \u00e0 \u00e9viter un nouveau revers frustrant. Cette d\u00e9faite prolonge une spirale n\u00e9gative qui commence \u00e0 peser lourdement sur le promu, <a href=\"https:\/\/www.footmercato.net\/france\/ligue-1\/classement\" target=\"_blank\" rel=\"noopener\">d\u00e9sormais 15e de Ligue 1<\/a>, \u00e0 port\u00e9e imm\u00e9diate de la zone rouge. Un classement inqui\u00e9tant au regard des ambitions affich\u00e9es l\u2019\u00e9t\u00e9 dernier, lorsque le club \u00e9voquait stabilit\u00e9, progression et maintien serein.<\/p>\n<p>            La suite apr\u00e8s cette publicit\u00e9<\/p>\n<p>Car au-del\u00e0 du contenu parfois encourageant, le Paris FC souffre d\u2019un cruel manque de constance et d\u2019efficacit\u00e9. Les paroles rassurantes de St\u00e9phane Gilli apr\u00e8s la rencontre traduisaient ce sentiment ambivalent, celle d\u2019une \u00e9quipe valeureuse, capable de mieux faire par s\u00e9quences, mais qui ne parvient pas \u00e0 transformer ses intentions en points. \u00ab Il nous manque des petits trucs \u00bb, r\u00e9p\u00e8te inlassablement l\u2019entra\u00eeneur, conscient que ces d\u00e9tails font toute la diff\u00e9rence \u00e0 ce niveau. \u00c0 l\u2019heure o\u00f9 le mercato d\u2019hiver vient d\u2019ouvrir ses portes, le constat est partag\u00e9 au sein du vestiaire. <a href=\"https:\/\/www.footmercato.net\/a1722233569790830011-le-paris-fc-continue-sa-dangereuse-descente-aux-enfer\" target=\"_blank\" rel=\"noopener\">Maxime Lopez n\u2019a pas m\u00e2ch\u00e9 ses mots en zone mixte, appelant \u00e0 des \u00ab vrais renforts \u00bb<\/a> pour redresser une situation devenue pr\u00e9occupante. Le manque de profondeur d\u2019effectif, les carences dans les couloirs et l\u2019irr\u00e9gularit\u00e9 du milieu p\u00e8sent lourdement dans la balance. D\u00e9sormais, le discours n\u2019est plus celui de l\u2019apprentissage mais bien celui de la survie, avec un d\u00e9placement crucial \u00e0 Nantes qui s\u2019annonce d\u00e9j\u00e0 comme un match \u00e0 tr\u00e8s haute pression.<\/p>\n<p>            La suite apr\u00e8s cette publicit\u00e9<\/p>\n<p>        Luca Koleosho sur le point d\u2019arriver<\/p>\n<p>C\u2019est dans ce contexte tendu que le Paris FC s\u2019active en coulisses et semble pr\u00eat \u00e0 frapper un grand coup sur le march\u00e9 des transferts. Selon les informations de Fabrizio Romano, le club parisien aurait trouv\u00e9 un accord avec Burnley pour le transfert d\u00e9finitif de <a href=\"https:\/\/www.footmercato.net\/joueur\/luca-koleosho\/\" target=\"_blank\" rel=\"noopener\">Luca Koleosho<\/a>, l\u2019une des plus grandes promesses du football italien. \u00c0 seulement 20 ans, l\u2019ailier italo-am\u00e9ricain, champion d\u2019Europe u19 avec l\u2019Italie en 2023, est consid\u00e9r\u00e9 comme un profil \u00e0 tr\u00e8s fort potentiel, capable d\u2019apporter imm\u00e9diatement de la percussion, de la vitesse et de la cr\u00e9ativit\u00e9 sur les c\u00f4t\u00e9s. Form\u00e9 en partie aux \u00c9tats-Unis avant d\u2019exploser en Europe, Koleosho sort d\u2019un parcours d\u00e9j\u00e0 riche malgr\u00e9 son jeune \u00e2ge, avec des passages remarqu\u00e9s en Liga et en Championship. Le joueur s\u2019appr\u00eate \u00e0 quitter l\u2019Espanyol Barcelone (3 matchs disput\u00e9s cette saison) avec effet imm\u00e9diat pour rejoindre la capitale fran\u00e7aise, dans ce qui pourrait constituer l\u2019un des jolis coups de l\u2019hiver en <a href=\"https:\/\/www.footmercato.net\/france\/ligue-1\/\" target=\"_blank\" rel=\"noopener\">Ligue 1<\/a>.<\/p>\n<p>Pour le Paris FC, l\u2019arriv\u00e9e annonc\u00e9e de Luca Koleosho s\u2019inscrirait parfaitement dans la volont\u00e9 de renforcer un secteur offensif trop peu efficient depuis le d\u00e9but de la saison. Capable d\u2019\u00e9voluer sur les deux ailes, percutant en un contre un et dot\u00e9 d\u2019une vraie personnalit\u00e9 balle au pied, l\u2019international italien repr\u00e9senterait un pari assum\u00e9 mais calcul\u00e9 pour le club. Un signal fort envoy\u00e9 \u00e0 la concurrence directe dans la course au maintien, mais aussi au vestiaire, \u00e0 l\u2019heure o\u00f9 l\u2019urgence comptable impose des d\u00e9cisions rapides et ambitieuses. Si l\u2019op\u00e9ration se confirme, elle symboliserait la d\u00e9termination du Paris FC \u00e0 ne pas subir son statut de promu et \u00e0 s\u2019offrir une v\u00e9ritable bouff\u00e9e d\u2019oxyg\u00e8ne dans une saison d\u00e9j\u00e0 sous haute tension. Reste d\u00e9sormais \u00e0 voir si cette p\u00e9pite italienne saura r\u00e9pondre aux attentes et devenir l\u2019un des visages du renouveau parisien dans les semaines \u00e0 venir.<\/p>\n<p>\n    Pub. le 07\/01\/2026 14:32<br \/>\n            &#8211; MAJ le 08\/01\/2026 10:52\n    <\/p>\n","protected":false},"excerpt":{"rendered":"Promu ambitieux mais encore fragile, le Paris FC traverse une p\u00e9riode d\u00e9licate qui commence s\u00e9rieusement \u00e0 inqui\u00e9ter. Dans&hellip;\n","protected":false},"author":2,"featured_media":649198,"comment_status":"","ping_status":"","sticky":false,"template":"","format":"standard","meta":{"footnotes":""},"categories":[1888],"tags":[1111,1928,11,1927,1777,674,1011,27,12,1926,626,1925,25],"class_list":{"0":"post-649197","1":"post","2":"type-post","3":"status-publish","4":"format-standard","5":"has-post-thumbnail","7":"category-paris","8":"tag-actu","9":"tag-actu-paris","10":"tag-actualites","11":"tag-actualites-paris","12":"tag-eu","13":"tag-europe","14":"tag-fr","15":"tag-france","16":"tag-news","17":"tag-news-paris","18":"tag-paris","19":"tag-paris-news","20":"tag-republique-francaise"},"share_on_mastodon":{"url":"https:\/\/pubeurope.com\/@fr\/115859144462428509","error":""},"_links":{"self":[{"href":"https:\/\/www.europesays.com\/fr\/wp-json\/wp\/v2\/posts\/649197","targetHints":{"allow":["GET"]}}],"collection":[{"href":"https:\/\/www.europesays.com\/fr\/wp-json\/wp\/v2\/posts"}],"about":[{"href":"https:\/\/www.europesays.com\/fr\/wp-json\/wp\/v2\/types\/post"}],"author":[{"embeddable":true,"href":"https:\/\/www.europesays.com\/fr\/wp-json\/wp\/v2\/users\/2"}],"replies":[{"embeddable":true,"href":"https:\/\/www.europesays.com\/fr\/wp-json\/wp\/v2\/comments?post=649197"}],"version-history":[{"count":0,"href":"https:\/\/www.europesays.com\/fr\/wp-json\/wp\/v2\/posts\/649197\/revisions"}],"wp:featuredmedia":[{"embeddable":true,"href":"https:\/\/www.europesays.com\/fr\/wp-json\/wp\/v2\/media\/649198"}],"wp:attachment":[{"href":"https:\/\/www.europesays.com\/fr\/wp-json\/wp\/v2\/media?parent=649197"}],"wp:term":[{"taxonomy":"category","embeddable":true,"href":"https:\/\/www.europesays.com\/fr\/wp-json\/wp\/v2\/categories?post=649197"},{"taxonomy":"post_tag","embeddable":true,"href":"https:\/\/www.europesays.com\/fr\/wp-json\/wp\/v2\/tags?post=649197"}],"curies":[{"name":"wp","href":"https:\/\/api.w.org\/{rel}","templated":true}]}}