{"id":649209,"date":"2026-01-08T11:08:11","date_gmt":"2026-01-08T11:08:11","guid":{"rendered":"https:\/\/www.europesays.com\/fr\/649209\/"},"modified":"2026-01-08T11:08:11","modified_gmt":"2026-01-08T11:08:11","slug":"starmer-reitere-la-position-du-royaume-uni-sur-le-groenland-lors-de-son-appel-avec-trump","status":"publish","type":"post","link":"https:\/\/www.europesays.com\/fr\/649209\/","title":{"rendered":"Starmer r\u00e9it\u00e8re la position du Royaume-Uni sur le Groenland lors de son appel avec Trump. &#8211;"},"content":{"rendered":"<p>Le premier ministre britannique Keir Starmer s&rsquo;est entretenu par t\u00e9l\u00e9phone avec le pr\u00e9sident des \u00c9tats-Unis Donald Trump mercredi soir, indiquant clairement <a href=\"https:\/\/www.gamereactor.fr\/starmer-soutient-mette-frederiksen-apres-que-trump-a-renouvele-ses-menaces-au-sujet-du-groenland-je-suis-a-ses-cotes-et-elle-a-raison-2010343\/\" title=\"Starmer soutient Mette Frederiksen apr\u00e8s que Trump a renouvel\u00e9 ses menaces au sujet du Groenland : &quot;Je me tiens \u00e0 ses c\u00f4t\u00e9s&quot;.\" target=\"_blank\" rel=\"noopener\">la position de Londres sur la querelle croissante concernant la souverainet\u00e9 du Groenland<\/a>, a d\u00e9clar\u00e9 le gouvernement britannique.<\/p>\n<p>Les dirigeants ont discut\u00e9 de multiples sujets, notamment d&rsquo;une op\u00e9ration conjointe d&rsquo;interception du p\u00e9trolier Marinera, des progr\u00e8s sur l&rsquo;Ukraine et de la r\u00e9cente action militaire des \u00c9tats-Unis au Venezuela, avant que Starmer n&rsquo;expose sa position sur le Groenland.<\/p>\n<p><img loading=\"lazy\" decoding=\"async\" id=\"img-2012193-4777533\" data-fullsize=\"\/media\/75\/starmerreiteratesuk_4777533b.jpg\" data-lazy=\"\" src=\"https:\/\/www.gamereactor.frhttps:\/\/www.gamereactor.fr\/media\/75\/starmerreiteratesuk_4777533_650x.jpg\" width=\"650\" onclick=\"if (!window.__cfRLUnblockHandlers) return false; gallery_openmodal('2012193','4777533',false,'3297e7aeefb93094955d36536f1fe275');\" height=\"434\" alt=\"Starmer r\u00e9it\u00e8re la position du Royaume-Uni sur le Groenland lors de son appel avec Trump.\" class=\"rwd_col_content lazy\" data-cf-modified-9aa69547f6da1f6596cf2a3f-=\"\"\/>Keir Starmer et Donald Trump \/\/ Shutterstock<\/p>\n<p>Downing Street a d\u00e9clar\u00e9 que Starmer avait soulign\u00e9 que l&rsquo;avenir du Groenland ne devait \u00eatre d\u00e9termin\u00e9 que par le Groenland et le Royaume du Danemark, faisant ainsi \u00e9cho \u00e0 ses commentaires ant\u00e9rieurs et \u00e0 un refoulement europ\u00e9en plus large contre la suggestion de Trump selon laquelle les \u00c9tats-Unis \u00ab\u00a0ont besoin\u00a0\u00bb du territoire arctique pour leur d\u00e9fense.<\/p>\n<p>Le regain d&rsquo;int\u00e9r\u00eat de Trump pour le Groenland a tendu les relations avec le Danemark et d&rsquo;autres alli\u00e9s de l&rsquo;OTAN, ce qui a incit\u00e9 les dirigeants europ\u00e9ens \u00e0 se rallier \u00e0 Copenhague et \u00e0 son territoire autonome, en insistant sur le fait que le droit international et l&rsquo;autod\u00e9termination doivent \u00eatre respect\u00e9s.<\/p>\n<p>Lis cette histoire dans l&rsquo;ordre chronologique :<\/p>\n<ol><\/p>\n<li><a href=\"https:\/\/www.gamereactor.fr\/apres-le-venezuela-trump-ravive-les-inquietudes-au-danemark-nous-avons-besoin-du-groenland-absolument-2009453\/\" title=\"Apr\u00e8s le Venezuela, Trump ravive les inqui\u00e9tudes au Danemark : &quot;Nous avons besoin du Groenland, absolument&quot;.\" target=\"_blank\" rel=\"noopener\">Apr\u00e8s le Venezuela, Trump ravive les inqui\u00e9tudes au Danemark : \u00ab\u00a0Nous avons besoin du Groenland, absolument\u00a0\u00bb<\/a>.<\/li>\n<p><\/p>\n<li><a href=\"https:\/\/www.gamereactor.fr\/trump-veut-le-groenland-previent-mette-frederiksen-il-faut-le-prendre-au-serieux-2010253\/\" title=\"Trump veut le Groenland, pr\u00e9vient Mette Frederiksen : &quot;Il faut le prendre au s\u00e9rieux&quot;.\" target=\"_blank\" rel=\"noopener\">Trump veut le Groenland, pr\u00e9vient Mette Frederiksen : \u00ab\u00a0Il faut le prendre au s\u00e9rieux\u00a0\u00bb<\/a>.<\/li>\n<p><\/p>\n<li><a href=\"https:\/\/www.gamereactor.fr\/starmer-soutient-mette-frederiksen-apres-que-trump-a-renouvele-ses-menaces-au-sujet-du-groenland-je-suis-a-ses-cotes-et-elle-a-raison-2010343\/\" title=\"Starmer soutient Mette Frederiksen apr\u00e8s que Trump a renouvel\u00e9 ses menaces au sujet du Groenland : &quot;Je me tiens \u00e0 ses c\u00f4t\u00e9s&quot;.\" target=\"_blank\" rel=\"noopener\">Starmer soutient Mette Frederiksen apr\u00e8s que Trump a renouvel\u00e9 ses menaces sur le Groenland : \u00ab\u00a0Je suis \u00e0 ses c\u00f4t\u00e9s\u00a0\u00bb<\/a>.<\/li>\n<p><\/p>\n<li><a href=\"https:\/\/www.gamereactor.fr\/les-dirigeants-europeens-publient-une-declaration-commune-soutenant-le-danemark-sur-le-groenland-2010843\/\" title=\"Les dirigeants europ\u00e9ens publient une d\u00e9claration commune soutenant le Danemark sur le Groenland\" target=\"_blank\" rel=\"noopener\">Les dirigeants europ\u00e9ens publient une d\u00e9claration commune soutenant le Danemark sur le Groenland<\/a>.<\/li>\n<p><\/p>\n<li><a href=\"https:\/\/www.gamereactor.fr\/trump-declare-que-la-force-militaire-est-toujours-une-option-pour-acquerir-le-groenland-2011133\/\" title=\"Trump d\u00e9clare que la force militaire est &quot;toujours une option&quot; pour acqu\u00e9rir le Groenland.\" target=\"_blank\" rel=\"noopener\">Trump d\u00e9clare que la force militaire est \u00ab\u00a0toujours une option\u00a0\u00bb pour acqu\u00e9rir le Groenland<\/a>.<\/li>\n<p><\/p>\n<li><a href=\"https:\/\/www.gamereactor.eu\/marco-rubio-announces-that-he-will-be-meeting-with-danish-officials-next-week-to-talk-about-greenland-1657693\/\" target=\"_blank\" rel=\"noopener\">Marco Rubio annonce qu&rsquo;il rencontrera des responsables danois la semaine prochaine pour parler du Groenland<\/a>.<\/li>\n<p><\/ol>\n","protected":false},"excerpt":{"rendered":"Le premier ministre britannique Keir Starmer s&rsquo;est entretenu par t\u00e9l\u00e9phone avec le pr\u00e9sident des \u00c9tats-Unis Donald Trump mercredi&hellip;\n","protected":false},"author":2,"featured_media":649210,"comment_status":"","ping_status":"","sticky":false,"template":"","format":"standard","meta":{"footnotes":""},"categories":[1588],"tags":[11,1777,674,12,473,1853,1851,1850,1852],"class_list":{"0":"post-649209","1":"post","2":"type-post","3":"status-publish","4":"format-standard","5":"has-post-thumbnail","7":"category-royaume-uni","8":"tag-actualites","9":"tag-eu","10":"tag-europe","11":"tag-news","12":"tag-royaume-uni","13":"tag-royaume-uni-de-grande-bretagne-et-dirlande-du-nord","14":"tag-uk","15":"tag-united-kingdom","16":"tag-united-kingdom-of-great-britain-and-northern-ireland"},"share_on_mastodon":{"url":"https:\/\/pubeurope.com\/@fr\/115859167908019505","error":""},"_links":{"self":[{"href":"https:\/\/www.europesays.com\/fr\/wp-json\/wp\/v2\/posts\/649209","targetHints":{"allow":["GET"]}}],"collection":[{"href":"https:\/\/www.europesays.com\/fr\/wp-json\/wp\/v2\/posts"}],"about":[{"href":"https:\/\/www.europesays.com\/fr\/wp-json\/wp\/v2\/types\/post"}],"author":[{"embeddable":true,"href":"https:\/\/www.europesays.com\/fr\/wp-json\/wp\/v2\/users\/2"}],"replies":[{"embeddable":true,"href":"https:\/\/www.europesays.com\/fr\/wp-json\/wp\/v2\/comments?post=649209"}],"version-history":[{"count":0,"href":"https:\/\/www.europesays.com\/fr\/wp-json\/wp\/v2\/posts\/649209\/revisions"}],"wp:featuredmedia":[{"embeddable":true,"href":"https:\/\/www.europesays.com\/fr\/wp-json\/wp\/v2\/media\/649210"}],"wp:attachment":[{"href":"https:\/\/www.europesays.com\/fr\/wp-json\/wp\/v2\/media?parent=649209"}],"wp:term":[{"taxonomy":"category","embeddable":true,"href":"https:\/\/www.europesays.com\/fr\/wp-json\/wp\/v2\/categories?post=649209"},{"taxonomy":"post_tag","embeddable":true,"href":"https:\/\/www.europesays.com\/fr\/wp-json\/wp\/v2\/tags?post=649209"}],"curies":[{"name":"wp","href":"https:\/\/api.w.org\/{rel}","templated":true}]}}