{"id":649213,"date":"2026-01-08T11:10:13","date_gmt":"2026-01-08T11:10:13","guid":{"rendered":"https:\/\/www.europesays.com\/fr\/649213\/"},"modified":"2026-01-08T11:10:13","modified_gmt":"2026-01-08T11:10:13","slug":"leurope-sur-de-faibles-variations-avant-le-rapport-sur-lemploi-americain-08-01-2026-a-1000","status":"publish","type":"post","link":"https:\/\/www.europesays.com\/fr\/649213\/","title":{"rendered":"L&rsquo;Europe sur de faibles variations avant le rapport sur l&#8217;emploi am\u00e9ricain &#8211; 08\/01\/2026 \u00e0 10:00"},"content":{"rendered":"<p>        <img decoding=\"async\" src=\"https:\/\/www.europesays.com\/fr\/wp-content\/uploads\/2026\/01\/fa94ab9969992d338a365136caae78a9-760x507.jpg\" alt=\"Ancien b\u00e2timent de la Bourse de Paris\" loading=\"eager\" fetchpriority=\"high\" width=\"760\" height=\"507\" style=\"max-width: 100%!important; height: auto;\"\/><\/p>\n<p class=\"c-image-news__legend\">Ancien b\u00e2timent de la Bourse de Paris<\/p>\n<p>\n Les principales Bourses europ\u00e9ennes ont ouvert sur de faibles variations jeudi dans un contexte d&rsquo;attentisme avant la publication vendredi du rapport mensuel officiel sur l&#8217;emploi am\u00e9ricain, tandis que le risque g\u00e9opolitique demeure.\n<\/p>\n<p>\n \u00c0 Paris, \u200dle CAC 40 perd 0,11% \u00e0 8.224,32 points vers 08h20 GMT. \u00c0 Londres, le FTSE 100 recule de 0,34%, tandis qu&rsquo;\u00e0 Francfort, le Dax grignote 0,06%.\n<\/p>\n<p>\n L&rsquo;indice EuroStoxx 50 d\u00e9cline de 0,01% et le FTSEurofirst 300 de 0,20%. Le Stoxx 600 fl\u00e9chit de 0,15%, p\u00e9nalis\u00e9 essentiellement \u200cpar les ressources de base, l&rsquo;\u00e9nergie et la consommation.\n<\/p>\n<p>\n Les contrats \u00e0 terme \u00e0 Wall Street pr\u00e9figurent une baisse de 0,24% pour le Dow Jones, de 0,17% pour le Standard &amp; Poor&rsquo;s 500 et de 0,27% pour le Nasdaq au lendemain d&rsquo;une s\u00e9ance en \u200bordre dispers\u00e9.\n<\/p>\n<p>\n Apr\u00e8s des premiers indicateurs mitig\u00e9s publi\u00e9s cette semaine sur le march\u00e9 de l&#8217;emploi am\u00e9ricain, les investisseurs attendent le rapport \u2060cl\u00e9 du d\u00e9partement du Travail sur les cr\u00e9ations de postes, les salaires et le taux ch\u00f4mage pour le mois de d\u00e9cembre.\n<\/p>\n<p>\n Cette statistique doit permettre au march\u00e9 d&rsquo;ajuster les anticipations sur la trajectoire des taux de la R\u00e9serve \u2060f\u00e9d\u00e9rale am\u00e9ricaine (Fed) pour 2026.\n<\/p>\n<p>\n Avant cela, d&rsquo;autres indicateurs \u00e9conomiques \u200dsont attendus ce jeudi comme les prix \u00e0 la production et le sentiment \u00e9conomique en zone \u2060euro, tandis qu&rsquo;outre Atlantique sont pr\u00e9vus les chiffres des inscriptions hebdomadaires au ch\u00f4mage.\n<\/p>\n<p>\n Sur le plan g\u00e9opolitique, les derniers d\u00e9veloppements sur le Groenland et le Venezuela sont surveill\u00e9s, m\u00eame si le march\u00e9 garde globalement son calme.\n<\/p>\n<p>\n Les derniers messages publi\u00e9s par le pr\u00e9sident am\u00e9ricain Donald Trump sur les \u200br\u00e9seaux sociaux sont en revanche de nature \u00e0 provoquer un peu plus de nervosit\u00e9. Le locataire de la Maison blanche veut emp\u00eacher les entreprises de la d\u00e9fense de verser des dividendes ou de racheter leurs propres actions. Il a \u00e9galement menac\u00e9 d&rsquo;interdire aux soci\u00e9t\u00e9s de \u2060Wall Street d&rsquo;acheter des logements individuels afin de r\u00e9duire les prix de l&rsquo;immobilier.\n<\/p>\n<p>\n \u00ab\u00a0M\u00eame si les d\u00e9tails sont flous et \u200bla mise en \u0153uvre complexe, une intervention accrue de l&rsquo;Etat cr\u00e9erait de l&rsquo;incertitude et augmenterait la \u200bprime de risque sur les march\u00e9s\u00a0\u00bb, \u200b\u00e9crit Mohit Kumar, \u00e9conomiste chez Jefferies.\n<\/p>\n<p>\n Dans l&rsquo;actualit\u00e9 des entreprises, le secteur britannique de la distribution est particuli\u00e8rement pr\u00e9sent. Tesco chute de 5,50%, les \u200bventes \u00e0 p\u00e9rim\u00e8tre comparable du groupe \u00e9tant ressorties inf\u00e9rieures aux pr\u00e9visions.\n<\/p>\n<p>\n AB Foods, \u2060qui a averti d&rsquo;une baisse de son b\u00e9n\u00e9fice annuel en raison notamment de la faible demande dans ses magasins Primark en Europe, plonge logiquement de 10,20%.\n<\/p>\n<p>\n Marks &amp; Spencer, de son c\u00f4t\u00e9, prend 0,70% apr\u00e8s avoir fait \u00e9tat d&rsquo;une hausse de 5,6% de ses ventes de produits alimentaires \u00e0 p\u00e9rim\u00e8tre comparable au cours du trimestre de No\u00ebl.\n<\/p>\n<p>\n A Paris, Sodexo avance de 0,50% apr\u00e8s avoir fait \u00e9tat d&rsquo;une croissance mod\u00e9r\u00e9e de son chiffre d&rsquo;affaires \u200cau premier trimestre, tandis qu&rsquo;OVH bondit de 7% \u00e0 la faveur d&rsquo;une hausse de son chiffre d&rsquo;affaires organique au premier trimestre.\n<\/p>\n<p>\n Dassault Aviation progresse de 2,3%, le groupe ayant relev\u00e9 sa pr\u00e9vision de chiffre d&rsquo;affaires annuel \u00e0 la suite de la publication de ses chiffres de livraisons pour 2025.\n<\/p>\n<p>\n Soitec (+5,11%), qui a annonc\u00e9 avoir nomm\u00e9 Laurent R\u00e9mont au poste de directeur g\u00e9n\u00e9ral \u00e0 compter d&rsquo;avril 2026, est bien orient\u00e9, tandis que LVMH, qui a annonc\u00e9 la nomination d&rsquo;Amandine Ohayon comme directrice g\u00e9n\u00e9rale de Givenchy \u00e0 compter du 9 janvier, c\u00e8de pr\u00e8s de 1%.\n<\/p>\n<p>\n (R\u00e9dig\u00e9 \u200cpar Claude Chendjou, \u00e9dit\u00e9 par Kate Entringer)<\/p>\n","protected":false},"excerpt":{"rendered":"Ancien b\u00e2timent de la Bourse de Paris Les principales Bourses europ\u00e9ennes ont ouvert sur de faibles variations jeudi&hellip;\n","protected":false},"author":2,"featured_media":649214,"comment_status":"","ping_status":"","sticky":false,"template":"","format":"standard","meta":{"footnotes":""},"categories":[1586],"tags":[400,11,398,408,405,1777,674,1011,27,403,402,399,404,12,25,401,406,407],"class_list":{"0":"post-649213","1":"post","2":"type-post","3":"status-publish","4":"format-standard","5":"has-post-thumbnail","7":"category-europe","8":"tag-action-cac-40","9":"tag-actualites","10":"tag-bourse-de-paris","11":"tag-boursorama","12":"tag-cotations","13":"tag-eu","14":"tag-europe","15":"tag-fr","16":"tag-france","17":"tag-indices-devises","18":"tag-investir","19":"tag-investissement","20":"tag-marche-boursier","21":"tag-news","22":"tag-republique-francaise","23":"tag-sicav","24":"tag-trackers","25":"tag-warrants"},"share_on_mastodon":{"url":"https:\/\/pubeurope.com\/@fr\/115859175816886270","error":""},"_links":{"self":[{"href":"https:\/\/www.europesays.com\/fr\/wp-json\/wp\/v2\/posts\/649213","targetHints":{"allow":["GET"]}}],"collection":[{"href":"https:\/\/www.europesays.com\/fr\/wp-json\/wp\/v2\/posts"}],"about":[{"href":"https:\/\/www.europesays.com\/fr\/wp-json\/wp\/v2\/types\/post"}],"author":[{"embeddable":true,"href":"https:\/\/www.europesays.com\/fr\/wp-json\/wp\/v2\/users\/2"}],"replies":[{"embeddable":true,"href":"https:\/\/www.europesays.com\/fr\/wp-json\/wp\/v2\/comments?post=649213"}],"version-history":[{"count":0,"href":"https:\/\/www.europesays.com\/fr\/wp-json\/wp\/v2\/posts\/649213\/revisions"}],"wp:featuredmedia":[{"embeddable":true,"href":"https:\/\/www.europesays.com\/fr\/wp-json\/wp\/v2\/media\/649214"}],"wp:attachment":[{"href":"https:\/\/www.europesays.com\/fr\/wp-json\/wp\/v2\/media?parent=649213"}],"wp:term":[{"taxonomy":"category","embeddable":true,"href":"https:\/\/www.europesays.com\/fr\/wp-json\/wp\/v2\/categories?post=649213"},{"taxonomy":"post_tag","embeddable":true,"href":"https:\/\/www.europesays.com\/fr\/wp-json\/wp\/v2\/tags?post=649213"}],"curies":[{"name":"wp","href":"https:\/\/api.w.org\/{rel}","templated":true}]}}