{"id":649215,"date":"2026-01-08T11:11:12","date_gmt":"2026-01-08T11:11:12","guid":{"rendered":"https:\/\/www.europesays.com\/fr\/649215\/"},"modified":"2026-01-08T11:11:12","modified_gmt":"2026-01-08T11:11:12","slug":"les-fans-ont-eu-un-enorme-appetit-un-test-inedit-va-avoir-lieu-lors-de-la-rencontre-psg-om-ce-soir","status":"publish","type":"post","link":"https:\/\/www.europesays.com\/fr\/649215\/","title":{"rendered":"\u00ab\u00a0Les fans ont eu un \u00e9norme app\u00e9tit\u00a0\u00bb\u00a0: un test in\u00e9dit va avoir lieu lors de la rencontre PSG \u2013 OM ce soir"},"content":{"rendered":"<p>Une solution pour rentrer dans le march\u00e9\u00a0?<\/p>\n<p class=\"ap-StoryElement ap-StoryElement--mb ap-StoryText\">Ce test arrive \u00e0 un moment important pour Ligue1 +. Depuis septembre, la plateforme est disponible en Italie, o\u00f9 le football fran\u00e7ais reste un produit de niche, \u00e9cras\u00e9 par la Serie A, le championnat italien, et les grandes comp\u00e9titions europ\u00e9ennes. De plus, la cha\u00eene Sky Sport poss\u00e8de \u00e9galement les droits du championnat fran\u00e7ais dans le pays, ce qui am\u00e8ne encore un peu plus de concurrence.<\/p>\n<p><a href=\"https:\/\/www.dhnet.be\/sports\/omnisports\/2026\/01\/08\/ou-regarder-la-5e-etape-du-dakar-et-psg-marseille-en-live-les-directs-sport-de-ce-jeudi-8-janvier-en-belgique-FVQ5UTLKOVHHRBKIT4IG7CU5IU\/\" target=\"_self\" class=\"ap-StoryInterstitialLink ap-StoryElement ap-StoryElement--mb\" rel=\"noopener\">O\u00f9 regarder la 5e \u00e9tape du Dakar et PSG &#8211; Marseille en live ? Les directs sport de ce jeudi 8 janvier en Belgique<\/a><\/p>\n<p class=\"ap-StoryElement ap-StoryElement--mb ap-StoryText\">Pour se faire une place, il faut donc trouver des solutions de s\u00e9duction, sans multiplier les co\u00fbts pour autant. Produire des commentaires localis\u00e9s, langue par langue, reste lourd financi\u00e8rement pour une plateforme de streaming. L&rsquo;IA appara\u00eet donc comme un bon levier \u00e0 exploiter.<\/p>\n<blockquote class=\"ap-StoryQuote ap-StoryQuote--blockquote\">\n<p class=\"ap-StoryQuote-text\">Selon le cabinet Precedence Research, le march\u00e9 mondial de l&rsquo;intelligence artificielle appliqu\u00e9e au sport pourrait d\u00e9passer les 60\u00a0milliards de dollars dans la prochaine d\u00e9cennie.<\/p>\n<\/blockquote>\n<p>Un premier test concluant<\/p>\n<p class=\"ap-StoryElement ap-StoryElement--mb ap-StoryText\">Si c&rsquo;est une premi\u00e8re dans le milieu du football, CAMB.AI n&rsquo;en est pas \u00e0 son premier galop d&rsquo;essai au niveau sportif. \u00c0 l&rsquo;\u00e9t\u00e9 2024, la plateforme Eurovision Sport avait d\u00e9j\u00e0 utilis\u00e9 cette technologie lors des Championnats du monde d&rsquo;athl\u00e9tisme des moins de 20 ans au P\u00e9rou. Des commentaires avaient \u00e9t\u00e9 traduits en direct vers plusieurs langues pour toucher un public plus large. Et selon les dirigeants, l&rsquo;exp\u00e9rience avait tenu la route. \u00ab\u00a0Les fans ont eu un \u00e9norme app\u00e9tit pour les commentaires dans leur propre langue\u00a0\u00bb, a d\u00e9clar\u00e9 Jean-Baptiste Casta, directeur des op\u00e9rations commerciales et de la plateforme \u00e0 l&rsquo;Union europ\u00e9enne de radio-t\u00e9l\u00e9vision (EBU).<\/p>\n<p class=\"ap-StoryElement ap-StoryElement--mb ap-StoryText\">La Ligue fran\u00e7aise va donc tenter l&rsquo;exp\u00e9rience. Ce test servira d&rsquo;abord \u00e0 observer les usages des t\u00e9l\u00e9spectateurs, c&rsquo;est-\u00e0-dire combien d&rsquo;abonn\u00e9s choisissent la version italienne, combien y restent, combien d\u00e9crochent. Et si les indicateurs sont bons, l&rsquo;exp\u00e9rience pourrait \u00eatre \u00e9tendue \u00e0 d&rsquo;autres matchs et \u00e0 d&rsquo;autres march\u00e9s.<\/p>\n<p><a href=\"https:\/\/www.dhnet.be\/sports\/football\/mercato\/2026\/01\/07\/yamal-en-tete-les-francais-bien-representes-et-les-belges-qui-degringolent-le-classement-des-joueurs-les-plus-chers-selon-un-rapport-NHHSYHAMFZB4TLXWM2L55ZEYJE\/\" target=\"_self\" class=\"ap-StoryInterstitialLink ap-StoryElement ap-StoryElement--mb\" rel=\"noopener\">Yamal en t\u00eate, les Fran\u00e7ais bien repr\u00e9sent\u00e9s et les Belges qui d\u00e9gringolent : le classement des joueurs les plus chers selon un rapport<\/a><\/p>\n<p class=\"ap-StoryElement ap-StoryElement--mb ap-StoryText\">\u00c0 noter que l&rsquo;int\u00e9gration de l&rsquo;IA dans le milieu sportif, comme dans beaucoup d&rsquo;autres secteurs, avance. Et cela risque de se poursuivre \u00e0 l&rsquo;avenir. Selon le cabinet Precedence Research, le march\u00e9 mondial de l&rsquo;intelligence artificielle appliqu\u00e9e au sport pourrait d\u00e9passer les 60\u00a0milliards de dollars dans la prochaine d\u00e9cennie, tir\u00e9 notamment par la multiplication des plateformes de streaming, la personnalisation des contenus et la traduction automatique.<\/p>\n","protected":false},"excerpt":{"rendered":"Une solution pour rentrer dans le march\u00e9\u00a0? Ce test arrive \u00e0 un moment important pour Ligue1 +. Depuis&hellip;\n","protected":false},"author":2,"featured_media":649216,"comment_status":"","ping_status":"","sticky":false,"template":"","format":"standard","meta":{"footnotes":""},"categories":[1586],"tags":[11,1777,674,1779,16686,1011,27,1227,12,25,1778,364],"class_list":{"0":"post-649215","1":"post","2":"type-post","3":"status-publish","4":"format-standard","5":"has-post-thumbnail","7":"category-europe","8":"tag-actualites","9":"tag-eu","10":"tag-europe","11":"tag-european-union","12":"tag-fbl","13":"tag-fr","14":"tag-france","15":"tag-horizontal","16":"tag-news","17":"tag-republique-francaise","18":"tag-ue","19":"tag-union-europeenne"},"share_on_mastodon":{"url":"https:\/\/pubeurope.com\/@fr\/115859179701159727","error":""},"_links":{"self":[{"href":"https:\/\/www.europesays.com\/fr\/wp-json\/wp\/v2\/posts\/649215","targetHints":{"allow":["GET"]}}],"collection":[{"href":"https:\/\/www.europesays.com\/fr\/wp-json\/wp\/v2\/posts"}],"about":[{"href":"https:\/\/www.europesays.com\/fr\/wp-json\/wp\/v2\/types\/post"}],"author":[{"embeddable":true,"href":"https:\/\/www.europesays.com\/fr\/wp-json\/wp\/v2\/users\/2"}],"replies":[{"embeddable":true,"href":"https:\/\/www.europesays.com\/fr\/wp-json\/wp\/v2\/comments?post=649215"}],"version-history":[{"count":0,"href":"https:\/\/www.europesays.com\/fr\/wp-json\/wp\/v2\/posts\/649215\/revisions"}],"wp:featuredmedia":[{"embeddable":true,"href":"https:\/\/www.europesays.com\/fr\/wp-json\/wp\/v2\/media\/649216"}],"wp:attachment":[{"href":"https:\/\/www.europesays.com\/fr\/wp-json\/wp\/v2\/media?parent=649215"}],"wp:term":[{"taxonomy":"category","embeddable":true,"href":"https:\/\/www.europesays.com\/fr\/wp-json\/wp\/v2\/categories?post=649215"},{"taxonomy":"post_tag","embeddable":true,"href":"https:\/\/www.europesays.com\/fr\/wp-json\/wp\/v2\/tags?post=649215"}],"curies":[{"name":"wp","href":"https:\/\/api.w.org\/{rel}","templated":true}]}}