{"id":649219,"date":"2026-01-08T11:13:09","date_gmt":"2026-01-08T11:13:09","guid":{"rendered":"https:\/\/www.europesays.com\/fr\/649219\/"},"modified":"2026-01-08T11:13:09","modified_gmt":"2026-01-08T11:13:09","slug":"la-france-au-defi-de-jouer-son-role-sur-le-plateau-des-guyanes-apres-le-coup-de-force-de-trump-le-monde-fr","status":"publish","type":"post","link":"https:\/\/www.europesays.com\/fr\/649219\/","title":{"rendered":"La France au d\u00e9fi de jouer son r\u00f4le sur le plateau des Guyanes apr\u00e8s le coup de force de Trump &#8211; Le Monde.fr"},"content":{"rendered":"<ol>\n<li><a href=\"https:\/\/news.google.com\/rss\/articles\/CBMi_AFBVV95cUxPWl81REZVYmlsZFJYZ2Q5RVVUeXgwMXFhYS1IeloyUUJtT3RKcGF6OU9pSWZpMjJFZFBaTzdueGoyU2NKT01qVktoVGhRZXNvWXpTZ2RMR29oaEo0RC1aNTZ5dVgxTmd0LUZaVW9QejZyRmlCVGRuMDhUZkNEeWRWOEc4VS04Q2xtdW5LU0dEN3dGVDZFblM0cWVDN3dFV1lHQ1BoU29LWXpEU0FhTy1fQjlCRHpnZzMwNnc3NFhrUGxLUUdvTEttUGRpQ3A3cVBIQV84Q25PSEoyaUp6YlhMWW5nUHdvVWRoSExIMktVa2J4aGphNFAxZzBybmc?oc=5\" target=\"_blank\" rel=\"noopener\">La France au d\u00e9fi de jouer son r\u00f4le sur le plateau des Guyanes apr\u00e8s le coup de force de Trump<\/a>&nbsp;&nbsp;Le Monde.fr<\/li>\n<li><a href=\"https:\/\/news.google.com\/rss\/articles\/CBMi5wFBVV95cUxOM3Q0d2pzZnkzWXMwaUlXZmN5YTJKcUp0cUR6X2hGS0xtaWJPc0RTbUpaMVZzbUxMS0JYTjVwVjNzWnMxTzRMWlg3SU0tVzBlYTZiUG9OQllPS0tvcWRlNUVkeldoc09SczNxQTJ5LUp3cDlnNEdjNTVfZkxySHdtUFhTZ2p1LVVUVHpKWFVLTk5NMW1uWVFGTHU0eTU1LVhvUHZJNlBZdTNZRmhIclU4bEl2azRsSTBsNEZ6ZUNIN1pMRW11VUVkU1VaaDNzaDd0VVpCZ19ncFdJTUJxVnBNT1pJQWR3cnc?oc=5\" target=\"_blank\" rel=\"noopener\">Guyane : des s\u00e9nateurs tirent la sonnette d\u2019alarme sur le pillage de l\u2019or et la menace chinoise<\/a>&nbsp;&nbsp;La Tribune<\/li>\n<li><a href=\"https:\/\/news.google.com\/rss\/articles\/CBMiywFBVV95cUxNQWl6Sm56azh2VjF3MDUtMVZ0dXhYODRjajZFOGZybXVQa0FMbFAtekZNT3ZpWUo2clI3dVRVRHkybEY3YU8tREwtRWJ3R2NhLXBDRnVTMGhraHRGMGg2a1Z5MkU5STgwZjBPTk5GU2k0R1M0NTZoVUp3RHltclRzeXRrZUg4bnUxVmJlc2JFYU8tSHgtRWJrY1FrODg3dUMyU2tfVkp3UGpMa0wyT3ZaV0F5VnotTUMxNm5ZbHRUcWZiOW82WEFOalVuTQ?oc=5\" target=\"_blank\" rel=\"noopener\">Guyana : le S\u00e9nat insiste sur la n\u00e9cessit\u00e9 de d\u00e9velopper la coop\u00e9ration r\u00e9gionale<\/a>&nbsp;&nbsp;Public S\u00e9nat<\/li>\n<li><a href=\"https:\/\/news.google.com\/rss\/articles\/CBMingFBVV95cUxQcGUyX3BHZFo4LUxDR1B0a29wbW9mYk9fRWlJdkhNcGp2REdfTUUxalFROUFUSi1oMmdMcU80aEk3QjZEZElLR0t5bkRTN0hmVW1Xcjd5X0dtMWVhVmRtNmc1X0dMQWprdm9LMDBCNDM0TWRuTzZUQy1FOGc5M0doV0YtTTVhYzlKSEZMaEIxbl9HSFVKOTluNE1lQ3dxdw?oc=5\" target=\"_blank\" rel=\"noopener\">Le Plateau des Guyanes : conf\u00e9rence de presse<\/a>&nbsp;&nbsp;Direct S\u00e9nat<\/li>\n<li><a href=\"https:\/\/news.google.com\/rss\/articles\/CBMiswFBVV95cUxOWVNwYmp0a0xfakR5SjZ1aVFNaGVuX0Mwb00zMk44RDg3dEtrUE1fZTZTNkEyMjhtNlpRdGZJSndMRzFSMU1kd09NOWVGSmhiUkZTNXdORUZXaXNiXzBOMmFSaXBSTndoaXMxbXlXZlZjbDlObmdpTkRrbEN6NnotVnMyalluU04wSWxFQTgzN3B5SWoxVDg1Qy04MGxDWWVSVW1iOTljWXAyQ0xMWkhfNWRiNA?oc=5\" target=\"_blank\" rel=\"noopener\">Plateau des Guyanes<\/a>&nbsp;&nbsp;S\u00e9nat<\/li>\n<\/ol>\n","protected":false},"excerpt":{"rendered":"La France au d\u00e9fi de jouer son r\u00f4le sur le plateau des Guyanes apr\u00e8s le coup de force&hellip;\n","protected":false},"author":2,"featured_media":395849,"comment_status":"","ping_status":"","sticky":false,"template":"","format":"standard","meta":{"footnotes":""},"categories":[2],"tags":[11,1011,27,12,25],"class_list":{"0":"post-649219","1":"post","2":"type-post","3":"status-publish","4":"format-standard","5":"has-post-thumbnail","7":"category-actualites","8":"tag-actualites","9":"tag-fr","10":"tag-france","11":"tag-news","12":"tag-republique-francaise"},"share_on_mastodon":{"url":"https:\/\/pubeurope.com\/@fr\/115859187524162586","error":""},"_links":{"self":[{"href":"https:\/\/www.europesays.com\/fr\/wp-json\/wp\/v2\/posts\/649219","targetHints":{"allow":["GET"]}}],"collection":[{"href":"https:\/\/www.europesays.com\/fr\/wp-json\/wp\/v2\/posts"}],"about":[{"href":"https:\/\/www.europesays.com\/fr\/wp-json\/wp\/v2\/types\/post"}],"author":[{"embeddable":true,"href":"https:\/\/www.europesays.com\/fr\/wp-json\/wp\/v2\/users\/2"}],"replies":[{"embeddable":true,"href":"https:\/\/www.europesays.com\/fr\/wp-json\/wp\/v2\/comments?post=649219"}],"version-history":[{"count":0,"href":"https:\/\/www.europesays.com\/fr\/wp-json\/wp\/v2\/posts\/649219\/revisions"}],"wp:featuredmedia":[{"embeddable":true,"href":"https:\/\/www.europesays.com\/fr\/wp-json\/wp\/v2\/media\/395849"}],"wp:attachment":[{"href":"https:\/\/www.europesays.com\/fr\/wp-json\/wp\/v2\/media?parent=649219"}],"wp:term":[{"taxonomy":"category","embeddable":true,"href":"https:\/\/www.europesays.com\/fr\/wp-json\/wp\/v2\/categories?post=649219"},{"taxonomy":"post_tag","embeddable":true,"href":"https:\/\/www.europesays.com\/fr\/wp-json\/wp\/v2\/tags?post=649219"}],"curies":[{"name":"wp","href":"https:\/\/api.w.org\/{rel}","templated":true}]}}