{"id":64922,"date":"2025-04-30T17:41:10","date_gmt":"2025-04-30T17:41:10","guid":{"rendered":"https:\/\/www.europesays.com\/fr\/64922\/"},"modified":"2025-04-30T17:41:10","modified_gmt":"2025-04-30T17:41:10","slug":"metropole-de-lyon-le-reseau-tcl-sera-t-il-totalement-a-larret-ce-jeudi-1er-mai","status":"publish","type":"post","link":"https:\/\/www.europesays.com\/fr\/64922\/","title":{"rendered":"M\u00e9tropole de Lyon. Le r\u00e9seau TCL sera-t-il totalement \u00e0 l&rsquo;arr\u00eat ce jeudi 1er mai ?"},"content":{"rendered":"<p>Une journ\u00e9e sans TCL \u00e0 Lyon ? Et bien \u00e7a sera le cas ce jeudi 1er mai.\u00a0<\/p>\n<p>Comme chaque ann\u00e9e pour la F\u00eate du travail le r\u00e9seau sera totalement \u00e0 l&rsquo;arr\u00eat pendant 24 heures.<\/p>\n<p>M\u00e9tros, tramways et bus ne circuleront pas de la journ\u00e9e.<\/p>\n<p>  Comment se rendre \u00e0 l&rsquo;a\u00e9roport ?<\/p>\n<p>Qui dit jour f\u00e9ri\u00e9, dit week-end prolong\u00e9, du moins pour certains. Il sera quand m\u00eame possible de vous y rendre par les transports en commun, ce sera l&rsquo;exception du jour.<\/p>\n<p>En effet, la desserte de l\u2019a\u00e9roport Saint-Exup\u00e9ry sera assur\u00e9e\u00a0par les <a href=\"https:\/\/www.leprogres.fr\/transport\/2025\/04\/25\/les-prix-de-rhonexpress-sans-express\" target=\"_blank\" rel=\"noopener\">bus relais<\/a>, mis en place jusqu&rsquo;au 7 mai inclus dans le cadre <a href=\"https:\/\/www.leprogres.fr\/economie\/2025\/02\/26\/travaux-sur-la-ligne-rhonexpress-attention-si-vous-allez-a-l-aeroport-de-lyon-saint-exupery\" target=\"_blank\" rel=\"noopener\">des travaux sur la voie du Rh\u00f4nexpress<\/a>, selon TCL.<\/p>\n<p>Le retour \u00e0 la normale se fera d\u00e8s le vendredi 2 mai, selon les horaires classiques du week-end.<\/p>\n","protected":false},"excerpt":{"rendered":"Une journ\u00e9e sans TCL \u00e0 Lyon ? Et bien \u00e7a sera le cas ce jeudi 1er mai.\u00a0 Comme&hellip;\n","protected":false},"author":2,"featured_media":64923,"comment_status":"","ping_status":"","sticky":false,"template":"","format":"standard","meta":{"footnotes":""},"categories":[1889],"tags":[1111,11,2430,3542,3152,2757,3153,3154,3155,3156,1777,674,107,1011,27,2428,12,25,2429,1097,2803],"class_list":{"0":"post-64922","1":"post","2":"type-post","3":"status-publish","4":"format-standard","5":"has-post-thumbnail","7":"category-lyon","8":"tag-actu","9":"tag-actualites","10":"tag-auvergne-rhone-alpes","11":"tag-circulation","12":"tag-edition-est-lyonnais","13":"tag-edition-lyon-villeurbanne","14":"tag-edition-ouest-lyonnais","15":"tag-edition-sud-lyonnais","16":"tag-edition-tarare","17":"tag-edition-villefranche","18":"tag-eu","19":"tag-europe","20":"tag-fil-info","21":"tag-fr","22":"tag-france","23":"tag-lyon","24":"tag-news","25":"tag-republique-francaise","26":"tag-rhone","27":"tag-trafic","28":"tag-transport"},"share_on_mastodon":{"url":"https:\/\/pubeurope.com\/@fr\/114428148812826694","error":""},"_links":{"self":[{"href":"https:\/\/www.europesays.com\/fr\/wp-json\/wp\/v2\/posts\/64922","targetHints":{"allow":["GET"]}}],"collection":[{"href":"https:\/\/www.europesays.com\/fr\/wp-json\/wp\/v2\/posts"}],"about":[{"href":"https:\/\/www.europesays.com\/fr\/wp-json\/wp\/v2\/types\/post"}],"author":[{"embeddable":true,"href":"https:\/\/www.europesays.com\/fr\/wp-json\/wp\/v2\/users\/2"}],"replies":[{"embeddable":true,"href":"https:\/\/www.europesays.com\/fr\/wp-json\/wp\/v2\/comments?post=64922"}],"version-history":[{"count":0,"href":"https:\/\/www.europesays.com\/fr\/wp-json\/wp\/v2\/posts\/64922\/revisions"}],"wp:featuredmedia":[{"embeddable":true,"href":"https:\/\/www.europesays.com\/fr\/wp-json\/wp\/v2\/media\/64923"}],"wp:attachment":[{"href":"https:\/\/www.europesays.com\/fr\/wp-json\/wp\/v2\/media?parent=64922"}],"wp:term":[{"taxonomy":"category","embeddable":true,"href":"https:\/\/www.europesays.com\/fr\/wp-json\/wp\/v2\/categories?post=64922"},{"taxonomy":"post_tag","embeddable":true,"href":"https:\/\/www.europesays.com\/fr\/wp-json\/wp\/v2\/tags?post=64922"}],"curies":[{"name":"wp","href":"https:\/\/api.w.org\/{rel}","templated":true}]}}